{"id":77371,"date":"2023-02-18T19:26:52","date_gmt":"2023-02-18T22:26:52","guid":{"rendered":"https:\/\/www.centraldenoticias.com.ar\/?p=77371"},"modified":"2023-02-18T19:26:52","modified_gmt":"2023-02-18T22:26:52","slug":"regresa-la-feria-sabores-del-mundo-a-la-ciudad","status":"publish","type":"post","link":"https:\/\/cdnoticias.com\/index.php\/2023\/02\/18\/regresa-la-feria-sabores-del-mundo-a-la-ciudad\/","title":{"rendered":"Regresa la feria \u201cSabores del Mundo\u201d a la ciudad"},"content":{"rendered":"<p>Ser\u00e1 desde el pr\u00f3ximo viernes 24 de febrero, en esta ocasi\u00f3n en el Parque Helios Eseverri. M\u00e1s de 30 stands de cocina, artesanos, juegos infantiles y shows musicales.<!--more--><\/p>\n<hr \/>\n<p>El viernes 24 de febrero <strong>vuelve la feria Sabores del Mundo a Olavarr\u00eda.<\/strong> El lugar elegido para la ubicaci\u00f3n de los stands es el <strong>Parque Helios Eseverri (zona fogones) y la propuesta se extender\u00e1 durante todo el fin de semana, hasta el domingo 26 inclusive.<\/strong><\/p>\n<p>&nbsp;<\/p>\n<p><strong>Cada jornada comenzar\u00e1 a las 17 horas y culminar\u00e1 a las 23 horas<\/strong>, con m\u00e1s 30 stands de cocina tradicional, 150 stands de artesanos y juegos infantiles y de recreaci\u00f3n para la familia, artesanos y artistas locales.<\/p>\n<p>&nbsp;<\/p>\n<p><strong>Habr\u00e1 una variedad de comidas t\u00edpicas de diferentes pa\u00edses y provincias, as\u00ed como alimentos, conservas, quesos, fiambres y bebidas de primera calidad y a precios muy accesibles.<\/strong> Adem\u00e1s hay jugos, licuados y cervezas artesanales, como as\u00ed tambi\u00e9n deleites dulces.<\/p>\n<p>&nbsp;<\/p>\n<blockquote><p>Durante los tres d\u00edas se ha previsto un escenario con artistas locales que se presentar\u00e1n para acompa\u00f1ar esta feria:<\/p><\/blockquote>\n<p>&nbsp;<\/p>\n<p><strong>Viernes 24 de febrero:<\/strong><\/p>\n<p>&nbsp;<\/p>\n<p>20.00 horas: Sujetos de Prueba<\/p>\n<p>21.00 horas: Grupo Reche<\/p>\n<p>22.00 horas: Sen6<\/p>\n<p>&nbsp;<\/p>\n<p><strong>S\u00e1bado 25 de febrero:<\/strong><\/p>\n<p>&nbsp;<\/p>\n<p>20.00 horas: Coco Mac\u00edas grupo<\/p>\n<p>21.00 horas: Segunda Especie<\/p>\n<p>22.00 horas: Lima Lim\u00f3n<\/p>\n<p>&nbsp;<\/p>\n<p><strong>Domingo 26 de febrero:<\/strong><\/p>\n<p>&nbsp;<\/p>\n<p>20.00 horas: Ovni<\/p>\n<p>21.00 horas: Martin Othasegui<\/p>\n<p>22.00 horas. Kondenados<\/p>\n<p>&nbsp;<\/p>\n<p>Cabe recordar que<strong> Sabores del Mundo es una Feria itinerante de comidas t\u00edpicas del mundo y artesanos, integrada por emprendedores.<\/strong> Esta fiesta tiene por objeto, la difusi\u00f3n cultural a trav\u00e9s de las artesan\u00edas, los productos regionales de nuestro pa\u00eds y la cocina t\u00edpica aut\u00f3ctona y del mundo, a partir de muestras itinerantes de primer nivel.<\/p>\n","protected":false},"excerpt":{"rendered":"<p>Ser\u00e1 desde el pr\u00f3ximo viernes 24 de febrero, en esta ocasi\u00f3n en el Parque Helios Eseverri. M\u00e1s de 30 stands<\/p>\n","protected":false},"author":2,"featured_media":54066,"comment_status":"closed","ping_status":"closed","sticky":false,"template":"","format":"standard","meta":{"_jetpack_memberships_contains_paid_content":false,"footnotes":""},"categories":[9,1],"tags":[],"class_list":["post-77371","post","type-post","status-publish","format-standard","has-post-thumbnail","hentry","category-cultura","category-portada"],"jetpack_featured_media_url":"https:\/\/i0.wp.com\/cdnoticias.com\/wp-content\/uploads\/2022\/05\/sabores-del-mundo-0.jpg?fit=1536%2C1024&ssl=1","jetpack_sharing_enabled":true,"_links":{"self":[{"href":"https:\/\/cdnoticias.com\/index.php\/wp-json\/wp\/v2\/posts\/77371","targetHints":{"allow":["GET"]}}],"collection":[{"href":"https:\/\/cdnoticias.com\/index.php\/wp-json\/wp\/v2\/posts"}],"about":[{"href":"https:\/\/cdnoticias.com\/index.php\/wp-json\/wp\/v2\/types\/post"}],"author":[{"embeddable":true,"href":"https:\/\/cdnoticias.com\/index.php\/wp-json\/wp\/v2\/users\/2"}],"replies":[{"embeddable":true,"href":"https:\/\/cdnoticias.com\/index.php\/wp-json\/wp\/v2\/comments?post=77371"}],"version-history":[{"count":0,"href":"https:\/\/cdnoticias.com\/index.php\/wp-json\/wp\/v2\/posts\/77371\/revisions"}],"wp:featuredmedia":[{"embeddable":true,"href":"https:\/\/cdnoticias.com\/index.php\/wp-json\/wp\/v2\/media\/54066"}],"wp:attachment":[{"href":"https:\/\/cdnoticias.com\/index.php\/wp-json\/wp\/v2\/media?parent=77371"}],"wp:term":[{"taxonomy":"category","embeddable":true,"href":"https:\/\/cdnoticias.com\/index.php\/wp-json\/wp\/v2\/categories?post=77371"},{"taxonomy":"post_tag","embeddable":true,"href":"https:\/\/cdnoticias.com\/index.php\/wp-json\/wp\/v2\/tags?post=77371"}],"curies":[{"name":"wp","href":"https:\/\/api.w.org\/{rel}","templated":true}]}}