{"id":7736,"date":"2020-11-28T21:58:01","date_gmt":"2020-11-29T00:58:01","guid":{"rendered":"http:\/\/www.centraldenoticias.com.ar\/?p=7736"},"modified":"2020-11-28T21:58:01","modified_gmt":"2020-11-29T00:58:01","slug":"el-hombre-gravemente-herido-en-pelea-se-encuentra-estable","status":"publish","type":"post","link":"https:\/\/cdnoticias.com\/index.php\/2020\/11\/28\/el-hombre-gravemente-herido-en-pelea-se-encuentra-estable\/","title":{"rendered":"El hombre gravemente herido en pelea se encuentra \u201cestable\u201d"},"content":{"rendered":"<p>Fue operado de urgencia en el Hospital y se encuentra en la Unidad de Terapia Intensiva. Sufri\u00f3 una grave herida en el cuello producto de una pelea.<!--more--><\/p>\n<hr \/>\n<p>El hombre de 32 a\u00f1os que fue <a href=\"https:\/\/cdnoticias.com\/index.php\/2020\/11\/28\/pelea-de-limpiavidrios-termino-con-un-herido-grave-y-un-aprehendido\/\" target=\"_blank\" rel=\"noopener\">herido en la zona del cuello en una pelea en la tarde de este s\u00e1bado en Pringles e Yrigoyen<\/a> fue operado y se encuentra \u201cestable\u201d.<\/p>\n<p>&nbsp;<\/p>\n<blockquote><p>As\u00ed se confirm\u00f3 desde el centro de salud local en di\u00e1logo con Central de Noticias, que explic\u00f3 que tras llegar de urgencia fue operado en la zona del cuello y fue derivado a Terapia Intensiva.<\/p><\/blockquote>\n<p>&nbsp;<\/p>\n<p>Por el hecho hay <strong>otro hombre, de 30 a\u00f1os, aprehendido a disposici\u00f3n de la fiscal\u00eda en turno, a cargo de la doctora Viviana Beyt\u00eda.<\/strong><\/p>\n<p>&nbsp;<\/p>\n<p><strong>El hecho se produjo aproximadamente a las 19.30 horas en la esquina de Pringles e Yrigoyen<\/strong>. La v\u00edctima sufri\u00f3 un profundo corte en el cuello que le <em>\u201chizo perder mucha sangre\u201d.<\/em><\/p>\n<p>&nbsp;<\/p>\n","protected":false},"excerpt":{"rendered":"<p>Fue operado de urgencia en el Hospital y se encuentra en la Unidad de Terapia Intensiva. Sufri\u00f3 una grave herida<\/p>\n","protected":false},"author":5,"featured_media":704,"comment_status":"closed","ping_status":"closed","sticky":false,"template":"","format":"standard","meta":{"_jetpack_memberships_contains_paid_content":false,"footnotes":""},"categories":[14,1],"tags":[],"class_list":["post-7736","post","type-post","status-publish","format-standard","has-post-thumbnail","hentry","category-policiales","category-portada"],"jetpack_featured_media_url":"https:\/\/i0.wp.com\/cdnoticias.com\/wp-content\/uploads\/2020\/09\/hospital3.jpg?fit=815%2C540&ssl=1","jetpack_sharing_enabled":true,"_links":{"self":[{"href":"https:\/\/cdnoticias.com\/index.php\/wp-json\/wp\/v2\/posts\/7736","targetHints":{"allow":["GET"]}}],"collection":[{"href":"https:\/\/cdnoticias.com\/index.php\/wp-json\/wp\/v2\/posts"}],"about":[{"href":"https:\/\/cdnoticias.com\/index.php\/wp-json\/wp\/v2\/types\/post"}],"author":[{"embeddable":true,"href":"https:\/\/cdnoticias.com\/index.php\/wp-json\/wp\/v2\/users\/5"}],"replies":[{"embeddable":true,"href":"https:\/\/cdnoticias.com\/index.php\/wp-json\/wp\/v2\/comments?post=7736"}],"version-history":[{"count":0,"href":"https:\/\/cdnoticias.com\/index.php\/wp-json\/wp\/v2\/posts\/7736\/revisions"}],"wp:featuredmedia":[{"embeddable":true,"href":"https:\/\/cdnoticias.com\/index.php\/wp-json\/wp\/v2\/media\/704"}],"wp:attachment":[{"href":"https:\/\/cdnoticias.com\/index.php\/wp-json\/wp\/v2\/media?parent=7736"}],"wp:term":[{"taxonomy":"category","embeddable":true,"href":"https:\/\/cdnoticias.com\/index.php\/wp-json\/wp\/v2\/categories?post=7736"},{"taxonomy":"post_tag","embeddable":true,"href":"https:\/\/cdnoticias.com\/index.php\/wp-json\/wp\/v2\/tags?post=7736"}],"curies":[{"name":"wp","href":"https:\/\/api.w.org\/{rel}","templated":true}]}}