{"id":77359,"date":"2023-02-18T12:25:30","date_gmt":"2023-02-18T15:25:30","guid":{"rendered":"https:\/\/www.centraldenoticias.com.ar\/?p=77359"},"modified":"2023-02-18T12:25:30","modified_gmt":"2023-02-18T15:25:30","slug":"caso-de-explotacion-sexual-en-recalde-la-denuncia-fue-realizada-por-ojos-en-alerta","status":"publish","type":"post","link":"https:\/\/cdnoticias.com\/index.php\/2023\/02\/18\/caso-de-explotacion-sexual-en-recalde-la-denuncia-fue-realizada-por-ojos-en-alerta\/","title":{"rendered":"Caso de explotaci\u00f3n sexual en Recalde: la denuncia fue realizada por Ojos en Alerta"},"content":{"rendered":"<p>As\u00ed fue confirmado por el Municipio, que particip\u00f3 de la intervenci\u00f3n junto a personal judicial y policial. Hubo un importante allanamiento este viernes por la tarde noche.<!--more--><\/p>\n<hr \/>\n<p>Luego de conocer un <a href=\"https:\/\/cdnoticias.com\/index.php\/2023\/02\/18\/recalde-rescataron-a-una-nina-y-una-adolescente-por-explotacion-sexual\/\" target=\"_blank\" rel=\"noopener\">grav\u00edsimo caso de explotaci\u00f3n sexual en Recalde, donde rescataron a una ni\u00f1a y una adolescente<\/a>, se conoci\u00f3 que<strong> la primera denuncia sobre el hecho fue realizada en la aplicaci\u00f3n Ojos en Alerta, que fue valorada por su eficiencia para casos policiales y hechos delictivos.<\/strong><\/p>\n<p>&nbsp;<\/p>\n<p>Seg\u00fan se logr\u00f3 precisar,<strong> el aviso en dicha aplicaci\u00f3n permiti\u00f3 que se realice r\u00e1pidamente la denuncia en la Comisar\u00eda de la Mujer, y de esta forma la Justicia investigue y lleve adelante los procedimientos policiales que lograron rescatar a ni\u00f1a y la adolescente de este aberrante hecho.<\/strong><\/p>\n<p>&nbsp;<\/p>\n<p>En este sentido, se indic\u00f3 que <em>\u201cel trabajo articulado muestra que la aplicaci\u00f3n funciona y ratifica el compromiso de la comunidad para participar juntos de una Olavarr\u00eda m\u00e1s segura\u201d.<\/em><\/p>\n<p>&nbsp;<\/p>\n<p>Esta herramienta, implementada en nuestra ciudad en 2019, puede ser utilizada por Whatsapp comunic\u00e1ndose al n\u00famero 2284-544817. <strong>Seg\u00fan las \u00faltimas cifras de enero de este a\u00f1o, m\u00e1s de 5.700 vecinos y vecinas la utilizaron al menos una vez para realizar una denuncia.<\/strong><\/p>\n<p>&nbsp;<\/p>\n<p><em>\u201cEn la actualidad son m\u00e1s de 4500 las personas que integran esta red comunitaria que permite avanzar en la prevenci\u00f3n de delitos y en la comunicaci\u00f3n de emergencias\u201d<\/em>.<\/p>\n","protected":false},"excerpt":{"rendered":"<p>As\u00ed fue confirmado por el Municipio, que particip\u00f3 de la intervenci\u00f3n junto a personal judicial y policial. Hubo un importante<\/p>\n","protected":false},"author":2,"featured_media":77344,"comment_status":"closed","ping_status":"closed","sticky":false,"template":"","format":"standard","meta":{"_jetpack_memberships_contains_paid_content":false,"footnotes":""},"categories":[14,1],"tags":[],"class_list":["post-77359","post","type-post","status-publish","format-standard","has-post-thumbnail","hentry","category-policiales","category-portada"],"jetpack_featured_media_url":"https:\/\/i0.wp.com\/cdnoticias.com\/wp-content\/uploads\/2023\/02\/WhatsApp-Image-2023-02-18-at-08.37.18.jpeg?fit=1280%2C960&ssl=1","jetpack_sharing_enabled":true,"_links":{"self":[{"href":"https:\/\/cdnoticias.com\/index.php\/wp-json\/wp\/v2\/posts\/77359","targetHints":{"allow":["GET"]}}],"collection":[{"href":"https:\/\/cdnoticias.com\/index.php\/wp-json\/wp\/v2\/posts"}],"about":[{"href":"https:\/\/cdnoticias.com\/index.php\/wp-json\/wp\/v2\/types\/post"}],"author":[{"embeddable":true,"href":"https:\/\/cdnoticias.com\/index.php\/wp-json\/wp\/v2\/users\/2"}],"replies":[{"embeddable":true,"href":"https:\/\/cdnoticias.com\/index.php\/wp-json\/wp\/v2\/comments?post=77359"}],"version-history":[{"count":0,"href":"https:\/\/cdnoticias.com\/index.php\/wp-json\/wp\/v2\/posts\/77359\/revisions"}],"wp:featuredmedia":[{"embeddable":true,"href":"https:\/\/cdnoticias.com\/index.php\/wp-json\/wp\/v2\/media\/77344"}],"wp:attachment":[{"href":"https:\/\/cdnoticias.com\/index.php\/wp-json\/wp\/v2\/media?parent=77359"}],"wp:term":[{"taxonomy":"category","embeddable":true,"href":"https:\/\/cdnoticias.com\/index.php\/wp-json\/wp\/v2\/categories?post=77359"},{"taxonomy":"post_tag","embeddable":true,"href":"https:\/\/cdnoticias.com\/index.php\/wp-json\/wp\/v2\/tags?post=77359"}],"curies":[{"name":"wp","href":"https:\/\/api.w.org\/{rel}","templated":true}]}}