{"id":77339,"date":"2023-02-17T20:30:40","date_gmt":"2023-02-17T23:30:40","guid":{"rendered":"https:\/\/www.centraldenoticias.com.ar\/?p=77339"},"modified":"2023-02-21T10:05:44","modified_gmt":"2023-02-21T13:05:44","slug":"clausuraron-una-tosquera-y-declararon-el-cese-de-otra-por-irregularidades","status":"publish","type":"post","link":"https:\/\/cdnoticias.com\/index.php\/2023\/02\/17\/clausuraron-una-tosquera-y-declararon-el-cese-de-otra-por-irregularidades\/","title":{"rendered":"Clausuraron una tosquera y declararon el \u201ccese\u201d de otra por irregularidades"},"content":{"rendered":"<p>Se trata de una reconocida empresa constructora local. Desde la Subsecretar\u00eda de Miner\u00eda se labraron actas e incluso avanza una intervenci\u00f3n del Ministerio de Ambiente por funcionar tras una clausura.<!--more--><\/p>\n<hr \/>\n<p><em>Foto Ilustrativa<\/em><\/p>\n<p>&nbsp;<\/p>\n<p>Confirmado por autoridades de la Subsecretar\u00eda de Miner\u00eda de la Provincia, <strong>en los \u00faltimos d\u00edas se realiz\u00f3 la clausura de una tosquera y el \u201ccese\u201d de otra por diversas irregularidades. Incluso, una reincidencia podr\u00eda generar una causa penal en contra de la empresa que incumpli\u00f3 la clausura.<\/strong><\/p>\n<p>&nbsp;<\/p>\n<p>Seg\u00fan indic\u00f3 el titular del \u00e1rea, Federico Aguilera, <strong>los hechos se produjeron en las \u00faltimas semanas con una empresa local reconocida en el rubro de la construcci\u00f3n, Atak SRL.<\/strong> Esta empresa contaba con dos tosqueras \u201cirregulares\u201d sin la habilitaci\u00f3n correspondiente del \u00e1rea ni tampoco de Ministerio de Ambiente.<\/p>\n<p>&nbsp;<\/p>\n<blockquote><p>Tras la recorrida, realizaron el \u201ccese\u201d de actividades en una de ellas, ubicada en Barrio Matadero. Como no presentaron la documentaci\u00f3n correspondiente en el plazo que el organismo indica, se procedi\u00f3 a la clausura del lugar.<\/p><\/blockquote>\n<p>&nbsp;<\/p>\n<p>D\u00edas atr\u00e1s, se constat\u00f3 la existencia de la segunda tosquera y tambi\u00e9n se dictamin\u00f3 el \u201ccese\u201d de dicho lugar hasta tanto se regularice la situaci\u00f3n.<strong> Lo \u201cagravante\u201d es que mientras esto suced\u00eda trasladaron la maquinaria hacia la tosquera clausurada e hicieron movimiento de suelo. \u201cEs algo muy grave\u201d catalog\u00f3 Aguilera.<\/strong><\/p>\n<p>&nbsp;<\/p>\n<p>Por ello, <strong>se realiz\u00f3 un acta que fue derivada a Fiscal\u00eda de Estado para iniciar un proceso legal y penal. Se explic\u00f3 que el paso siguiente ser\u00e1 esperar el dictamen de la Fiscal\u00eda, la intervenci\u00f3n del Ministerio de Ambiente y, posiblemente, se impulsar\u00e1 una denuncia penal<\/strong>. En caso de que vuelva a movimiento de suelo, podr\u00eda intervenir la fuerza p\u00fablica.<\/p>\n<p>&nbsp;<\/p>\n<p>Con respecto a la tosquera a la que se realiz\u00f3 el cese, <em>\u201cno puede trabajar hasta que no presenten todos los papeles y se haga la habilitaci\u00f3n correspondiente\u201d<\/em> esto es,<strong> la presentaci\u00f3n de informes t\u00e9cnicos, impacto ambiental, y la habilitaci\u00f3n se da en conjunto desde el \u00e1rea de Miner\u00eda y el Ministerio de Ambiente.<\/strong><\/p>\n","protected":false},"excerpt":{"rendered":"<p>Se trata de una reconocida empresa constructora local. Desde la Subsecretar\u00eda de Miner\u00eda se labraron actas e incluso avanza una<\/p>\n","protected":false},"author":2,"featured_media":77341,"comment_status":"closed","ping_status":"closed","sticky":false,"template":"","format":"standard","meta":{"_jetpack_memberships_contains_paid_content":false,"footnotes":""},"categories":[5,1],"tags":[],"class_list":["post-77339","post","type-post","status-publish","format-standard","has-post-thumbnail","hentry","category-informacion-general","category-portada"],"jetpack_featured_media_url":"https:\/\/i0.wp.com\/cdnoticias.com\/wp-content\/uploads\/2023\/02\/tosquera.jpg?fit=630%2C356&ssl=1","jetpack_sharing_enabled":true,"_links":{"self":[{"href":"https:\/\/cdnoticias.com\/index.php\/wp-json\/wp\/v2\/posts\/77339","targetHints":{"allow":["GET"]}}],"collection":[{"href":"https:\/\/cdnoticias.com\/index.php\/wp-json\/wp\/v2\/posts"}],"about":[{"href":"https:\/\/cdnoticias.com\/index.php\/wp-json\/wp\/v2\/types\/post"}],"author":[{"embeddable":true,"href":"https:\/\/cdnoticias.com\/index.php\/wp-json\/wp\/v2\/users\/2"}],"replies":[{"embeddable":true,"href":"https:\/\/cdnoticias.com\/index.php\/wp-json\/wp\/v2\/comments?post=77339"}],"version-history":[{"count":0,"href":"https:\/\/cdnoticias.com\/index.php\/wp-json\/wp\/v2\/posts\/77339\/revisions"}],"wp:featuredmedia":[{"embeddable":true,"href":"https:\/\/cdnoticias.com\/index.php\/wp-json\/wp\/v2\/media\/77341"}],"wp:attachment":[{"href":"https:\/\/cdnoticias.com\/index.php\/wp-json\/wp\/v2\/media?parent=77339"}],"wp:term":[{"taxonomy":"category","embeddable":true,"href":"https:\/\/cdnoticias.com\/index.php\/wp-json\/wp\/v2\/categories?post=77339"},{"taxonomy":"post_tag","embeddable":true,"href":"https:\/\/cdnoticias.com\/index.php\/wp-json\/wp\/v2\/tags?post=77339"}],"curies":[{"name":"wp","href":"https:\/\/api.w.org\/{rel}","templated":true}]}}