{"id":7733,"date":"2020-11-28T21:49:00","date_gmt":"2020-11-29T00:49:00","guid":{"rendered":"http:\/\/www.centraldenoticias.com.ar\/?p=7733"},"modified":"2020-11-29T08:52:05","modified_gmt":"2020-11-29T11:52:05","slug":"pelea-de-limpiavidrios-termino-con-un-herido-grave-y-un-aprehendido","status":"publish","type":"post","link":"https:\/\/cdnoticias.com\/index.php\/2020\/11\/28\/pelea-de-limpiavidrios-termino-con-un-herido-grave-y-un-aprehendido\/","title":{"rendered":"Pelea de limpiavidrios termin\u00f3 con un herido grave y un aprehendido"},"content":{"rendered":"<p>Un hombre de 32 a\u00f1os se encuentra en grave estado. El atacante utiliz\u00f3 un \u201celemento punzante\u201d y lo hiri\u00f3 en el cuello. El hecho sucedi\u00f3 en Pringles e Yrigoyen.<!--more--><\/p>\n<hr \/>\n<p>En la tardenoche de este s\u00e1bado, <strong>un hombre de 32 a\u00f1os fue apu\u00f1alado en la zona del cuello por otro de 30 en la esquina de Pringles e Yrigoyen. Est\u00e1 internado en grave estado.<\/strong> El atacante fue aprehendido.<\/p>\n<p>&nbsp;<\/p>\n<blockquote><p>Los dos implicados en el hecho trabajan de limpiavidrios y se investigan las causas del ataque.<\/p><\/blockquote>\n<p>&nbsp;<\/p>\n<p>Se logr\u00f3 saber que <strong>el agresor utiliz\u00f3 un \u201celemento punzante\u201d y lo hiri\u00f3 en la zona del cuello.<\/strong> Fue trasladado de urgencia al Hospital Municipal, donde ingres\u00f3 en grave estado.<\/p>\n<p>&nbsp;<\/p>\n<p>Personal del Comando de Patrullas, luego de llegar al lugar,<strong> logr\u00f3 aprehender al atacante a pocas cuadras del lugar donde se produjo el hecho, y fue trasladado a Comisar\u00eda Primera.<\/strong><\/p>\n","protected":false},"excerpt":{"rendered":"<p>Un hombre de 32 a\u00f1os se encuentra en grave estado. El atacante utiliz\u00f3 un \u201celemento punzante\u201d y lo hiri\u00f3 en<\/p>\n","protected":false},"author":5,"featured_media":7734,"comment_status":"closed","ping_status":"closed","sticky":false,"template":"","format":"standard","meta":{"_jetpack_memberships_contains_paid_content":false,"footnotes":""},"categories":[14,1],"tags":[],"class_list":["post-7733","post","type-post","status-publish","format-standard","has-post-thumbnail","hentry","category-policiales","category-portada"],"jetpack_featured_media_url":"https:\/\/i0.wp.com\/cdnoticias.com\/wp-content\/uploads\/2020\/11\/WhatsApp-Image-2020-11-28-at-21.23.21.jpeg?fit=485%2C361&ssl=1","jetpack_sharing_enabled":true,"_links":{"self":[{"href":"https:\/\/cdnoticias.com\/index.php\/wp-json\/wp\/v2\/posts\/7733","targetHints":{"allow":["GET"]}}],"collection":[{"href":"https:\/\/cdnoticias.com\/index.php\/wp-json\/wp\/v2\/posts"}],"about":[{"href":"https:\/\/cdnoticias.com\/index.php\/wp-json\/wp\/v2\/types\/post"}],"author":[{"embeddable":true,"href":"https:\/\/cdnoticias.com\/index.php\/wp-json\/wp\/v2\/users\/5"}],"replies":[{"embeddable":true,"href":"https:\/\/cdnoticias.com\/index.php\/wp-json\/wp\/v2\/comments?post=7733"}],"version-history":[{"count":0,"href":"https:\/\/cdnoticias.com\/index.php\/wp-json\/wp\/v2\/posts\/7733\/revisions"}],"wp:featuredmedia":[{"embeddable":true,"href":"https:\/\/cdnoticias.com\/index.php\/wp-json\/wp\/v2\/media\/7734"}],"wp:attachment":[{"href":"https:\/\/cdnoticias.com\/index.php\/wp-json\/wp\/v2\/media?parent=7733"}],"wp:term":[{"taxonomy":"category","embeddable":true,"href":"https:\/\/cdnoticias.com\/index.php\/wp-json\/wp\/v2\/categories?post=7733"},{"taxonomy":"post_tag","embeddable":true,"href":"https:\/\/cdnoticias.com\/index.php\/wp-json\/wp\/v2\/tags?post=7733"}],"curies":[{"name":"wp","href":"https:\/\/api.w.org\/{rel}","templated":true}]}}