{"id":77307,"date":"2023-02-18T09:32:06","date_gmt":"2023-02-18T12:32:06","guid":{"rendered":"https:\/\/www.centraldenoticias.com.ar\/?p=77307"},"modified":"2023-02-18T09:32:06","modified_gmt":"2023-02-18T12:32:06","slug":"el-quinteto-municipal-vientos-de-olavarria-se-presentara-en-colonia-nievas","status":"publish","type":"post","link":"https:\/\/cdnoticias.com\/index.php\/2023\/02\/18\/el-quinteto-municipal-vientos-de-olavarria-se-presentara-en-colonia-nievas\/","title":{"rendered":"El Quinteto Municipal \u201cVientos de Olavarr\u00eda\u201d se presentar\u00e1 en Colonia Nievas"},"content":{"rendered":"<p>Ser\u00e1 el domingo 26 de febrero a las 18:00 en la Iglesia San Miguel Arc\u00e1ngel de Colonia Nievas.<!--more--><\/p>\n<hr \/>\n<p>En el marco del ciclo de presentaciones del <strong>Quinteto Municipal \u201cVientos de Olavarr\u00eda\u201d<\/strong>, se realizar\u00e1 un <strong>nuevo concierto<\/strong> y en esta oportunidad ser\u00e1 en la localidad de <strong>Colonia Nievas.<\/strong><\/p>\n<p>&nbsp;<\/p>\n<p>La show se realizar\u00e1 el <strong>domingo 26 de febrero a las 18:00<\/strong> (al t\u00e9rmino de la misa) en la<strong> Iglesia San Miguel Arc\u00e1ngel de Colonia Nievas.<\/strong><\/p>\n<p>&nbsp;<\/p>\n<p>La presentaci\u00f3n, denominada \u00ab<em><strong>Fiesta de Buenos Aires<\/strong><\/em>\u00bb, ser\u00e1 la<strong> segunda del a\u00f1o de este elenco<\/strong> que contar\u00e1 con las siguientes obras: Suite Carmen de Georges Bizet (1838 \u2013 1875), El Anfitri\u00f3n de Scott Joplin (1868-1917), Palomita Blanca de Anselmo Aieta (1896-1964), Calambre de Astor Piazzolla (1921-1992), Alfonsina y el mar de Ariel Ramirez (1921-2010), Danza H\u00fangara N\u00b0 5 de\u00a0 Johannes Brahms (1833-1897), Hect\u00f3grafo Polka Schnell, opus 186 de Eduard Straub (1835-1916), Caser\u00f3n de Tejas de Sebasti\u00e1n Piana (1903-1994), Adi\u00f3s Muchachos de Julio C\u00e9sar Sanders (1897-1942), Tico Tico de\u00a0 Zequinha Abreu (1880-1935).<\/p>\n<p>&nbsp;<\/p>\n<p><img data-recalc-dims=\"1\" loading=\"lazy\" decoding=\"async\" class=\"aligncenter wp-image-77317 size-full\" src=\"https:\/\/i0.wp.com\/cdnoticias.com\/wp-content\/uploads\/2023\/02\/Afiche-Colonia-Nievas.jpg?resize=800%2C800&#038;ssl=1\" alt=\"\" width=\"800\" height=\"800\" srcset=\"https:\/\/i0.wp.com\/cdnoticias.com\/wp-content\/uploads\/2023\/02\/Afiche-Colonia-Nievas.jpg?w=1201&amp;ssl=1 1201w, https:\/\/i0.wp.com\/cdnoticias.com\/wp-content\/uploads\/2023\/02\/Afiche-Colonia-Nievas.jpg?resize=300%2C300&amp;ssl=1 300w, https:\/\/i0.wp.com\/cdnoticias.com\/wp-content\/uploads\/2023\/02\/Afiche-Colonia-Nievas.jpg?resize=1024%2C1024&amp;ssl=1 1024w, https:\/\/i0.wp.com\/cdnoticias.com\/wp-content\/uploads\/2023\/02\/Afiche-Colonia-Nievas.jpg?resize=150%2C150&amp;ssl=1 150w, https:\/\/i0.wp.com\/cdnoticias.com\/wp-content\/uploads\/2023\/02\/Afiche-Colonia-Nievas.jpg?resize=768%2C768&amp;ssl=1 768w\" sizes=\"auto, (max-width: 800px) 100vw, 800px\" \/><\/p>\n<p>&nbsp;<\/p>\n<p>&#8220;El Quinteto de Vientos cuenta con una <strong>trayectoria de m\u00e1s de 25 a\u00f1os,<\/strong> retomando su actividad con auspicio municipal. El grupo integra su repertorio con obras conocidas y otras de interpretaci\u00f3n poco frecuente, con autores de todas las \u00e9pocas, estilos, g\u00e9neros y nacionalidades. Tambi\u00e9n busca en forma complementaria desarrollar una labor did\u00e1ctica&#8221; se indic\u00f3.<\/p>\n<p>&nbsp;<\/p>\n<p><em><strong>&#8220;Vientos de Olavarr\u00eda<\/strong><\/em>\u201d se encuentra integrado por Claudia Cort\u00e9s en flauta, Carlos Orlando en oboe, Mariano Romano en clarinete, Cristian Fabris en corno y Julieta Di Fede en fagot.<\/p>\n<p>&nbsp;<\/p>\n<p>Los m\u00fasicos que forman el Quinteto Municipal \u201cVientos de Olavarr\u00eda\u201d, son solistas de sus instrumentos en las <strong>Orquestas Sinf\u00f3nicas de Olavarr\u00eda, Bah\u00eda Blanca, Mar del Plata,<\/strong> as\u00ed como de Grupos de C\u00e1mara y diversos g\u00e9neros musicales. Asimismo ha integrado la programaci\u00f3n de la filial local del Mozarteum Argentino.<\/p>\n","protected":false},"excerpt":{"rendered":"<p>Ser\u00e1 el domingo 26 de febrero a las 18:00 en la Iglesia San Miguel Arc\u00e1ngel de Colonia Nievas.<\/p>\n","protected":false},"author":6,"featured_media":67094,"comment_status":"closed","ping_status":"closed","sticky":false,"template":"","format":"standard","meta":{"_jetpack_memberships_contains_paid_content":false,"footnotes":""},"categories":[9,1],"tags":[],"class_list":["post-77307","post","type-post","status-publish","format-standard","has-post-thumbnail","hentry","category-cultura","category-portada"],"jetpack_featured_media_url":"https:\/\/i0.wp.com\/cdnoticias.com\/wp-content\/uploads\/2022\/10\/Colonia-Nievas.jpg?fit=800%2C445&ssl=1","jetpack_sharing_enabled":true,"_links":{"self":[{"href":"https:\/\/cdnoticias.com\/index.php\/wp-json\/wp\/v2\/posts\/77307","targetHints":{"allow":["GET"]}}],"collection":[{"href":"https:\/\/cdnoticias.com\/index.php\/wp-json\/wp\/v2\/posts"}],"about":[{"href":"https:\/\/cdnoticias.com\/index.php\/wp-json\/wp\/v2\/types\/post"}],"author":[{"embeddable":true,"href":"https:\/\/cdnoticias.com\/index.php\/wp-json\/wp\/v2\/users\/6"}],"replies":[{"embeddable":true,"href":"https:\/\/cdnoticias.com\/index.php\/wp-json\/wp\/v2\/comments?post=77307"}],"version-history":[{"count":0,"href":"https:\/\/cdnoticias.com\/index.php\/wp-json\/wp\/v2\/posts\/77307\/revisions"}],"wp:featuredmedia":[{"embeddable":true,"href":"https:\/\/cdnoticias.com\/index.php\/wp-json\/wp\/v2\/media\/67094"}],"wp:attachment":[{"href":"https:\/\/cdnoticias.com\/index.php\/wp-json\/wp\/v2\/media?parent=77307"}],"wp:term":[{"taxonomy":"category","embeddable":true,"href":"https:\/\/cdnoticias.com\/index.php\/wp-json\/wp\/v2\/categories?post=77307"},{"taxonomy":"post_tag","embeddable":true,"href":"https:\/\/cdnoticias.com\/index.php\/wp-json\/wp\/v2\/tags?post=77307"}],"curies":[{"name":"wp","href":"https:\/\/api.w.org\/{rel}","templated":true}]}}