{"id":77301,"date":"2023-02-17T19:30:33","date_gmt":"2023-02-17T22:30:33","guid":{"rendered":"https:\/\/www.centraldenoticias.com.ar\/?p=77301"},"modified":"2023-02-17T20:30:49","modified_gmt":"2023-02-17T23:30:49","slug":"la-causa-por-la-muerte-de-un-nino-tras-ahogarse-en-una-pileta-sumo-declaraciones","status":"publish","type":"post","link":"https:\/\/cdnoticias.com\/index.php\/2023\/02\/17\/la-causa-por-la-muerte-de-un-nino-tras-ahogarse-en-una-pileta-sumo-declaraciones\/","title":{"rendered":"La causa por la muerte de un ni\u00f1o tras ahogarse en una pileta sum\u00f3 declaraciones"},"content":{"rendered":"<p>Entre los testimonios se cuenta el de la persona que lo sac\u00f3 de la pileta. La investigaci\u00f3n se mantiene caratulada \u201caveriguaci\u00f3n de causales de muerte\u201d.<!--more--><\/p>\n<hr \/>\n<p><strong>Avanzan las averiguaciones por el fallecimiento del ni\u00f1o de 12 a\u00f1os<\/strong><a href=\"https:\/\/cdnoticias.com\/index.php\/2023\/02\/12\/fallecio-un-nino-que-se-ahogo-en-la-pileta-de-club-el-fortin\/\" target=\"_blank\" rel=\"noopener\"> tras haberse ahogado en la pileta de Club El Fort\u00edn<\/a>. El caso<strong> se dio el domingo 12 de febrero<\/strong> por la tarde y caus\u00f3 conmoci\u00f3n en la ciudad.<\/p>\n<p>&nbsp;<\/p>\n<p><strong>Central de Noticias<\/strong> pudo saber que hasta el momento, <strong>las actuaciones fueron conducidas por la Comisar\u00eda Segunda<\/strong> -que corresponde por jurisdicci\u00f3n- y sumaron elementos de importancia.<\/p>\n<p>&nbsp;<\/p>\n<p>Entre ellos, la <strong>declaraci\u00f3n testimonial de la persona que sac\u00f3 al ni\u00f1o de la pileta<\/strong>, un vecino que tambi\u00e9n se encontraba en el sector haciendo uso de las instalaciones.<\/p>\n<p>&nbsp;<\/p>\n<p>Asimismo, <strong>brind\u00f3 su declaraci\u00f3n la persona que trabajaba de guardavidas<\/strong> en aquella jornada en la pileta.<\/p>\n<p>&nbsp;<\/p>\n<p>Tambi\u00e9n se incorpor\u00f3 a la causa <strong>el informe de la autopsia realizada sobre el cuerpo de Sim\u00f3n Vivas<\/strong> que confirm\u00f3 el fallecimiento por causa de <strong>\u201casfixia por sumersi\u00f3n\u201d<\/strong>.<\/p>\n<p>&nbsp;<\/p>\n<blockquote><p>Ante la consulta de este medio, una fuente vinculada a la investigaci\u00f3n se\u00f1al\u00f3 que se toma en cuenta que el peque\u00f1o sufr\u00eda una enfermedad de base aunque si esa condici\u00f3n se manifest\u00f3 en los minutos previos a caer en el agua no puede ser corroborado mediante las pericias que hasta hoy tiene la causa penal.<\/p><\/blockquote>\n<p>&nbsp;<\/p>\n<p>Se aclar\u00f3 adem\u00e1s que<strong> los padres del ni\u00f1o a\u00fan no fueron citados a declarar<\/strong>, medida que tomar\u00e1 la UFI N\u00ba 7 que lleva adelante la causa que se mantiene caratulada como \u201caveriguaci\u00f3n de causales de muerte\u201d.<\/p>\n<p>&nbsp;<\/p>\n<p>Respecto a la continuidad del caso, uno de los aspectos que los investigadores <strong>buscar\u00e1n profundizar es la cadena de responsabilidades en el club<\/strong> para la apertura y funcionamiento de la pileta. Asimismo, <strong>se aguardan los resultados de diversas pericias<\/strong> que realiz\u00f3 el personal de Polic\u00eda Cient\u00edfica en el lugar de los hechos el d\u00eda 12 de febrero.<\/p>\n<p>&nbsp;<\/p>\n<p>Cabe recordar que el caso se registr\u00f3 hacia las 15.30 del domingo pasado. El peque\u00f1o fue retirado de la pileta y en el lugar se le practicaron maniobras de reanimaci\u00f3n que continuaron durante su traslado al Hospital de Pediatr\u00eda y en el centro de salud donde finalmente se constat\u00f3 el fallecimiento.<\/p>\n<p>&nbsp;<\/p>\n","protected":false},"excerpt":{"rendered":"<p>Entre los testimonios se cuenta el de la persona que lo sac\u00f3 de la pileta. La investigaci\u00f3n se mantiene caratulada<\/p>\n","protected":false},"author":4,"featured_media":76812,"comment_status":"closed","ping_status":"closed","sticky":false,"template":"","format":"standard","meta":{"_jetpack_memberships_contains_paid_content":false,"footnotes":""},"categories":[14,1],"tags":[],"class_list":["post-77301","post","type-post","status-publish","format-standard","has-post-thumbnail","hentry","category-policiales","category-portada"],"jetpack_featured_media_url":"https:\/\/i0.wp.com\/cdnoticias.com\/wp-content\/uploads\/2023\/02\/el-fortin-policia-0.jpg?fit=1046%2C582&ssl=1","jetpack_sharing_enabled":true,"_links":{"self":[{"href":"https:\/\/cdnoticias.com\/index.php\/wp-json\/wp\/v2\/posts\/77301","targetHints":{"allow":["GET"]}}],"collection":[{"href":"https:\/\/cdnoticias.com\/index.php\/wp-json\/wp\/v2\/posts"}],"about":[{"href":"https:\/\/cdnoticias.com\/index.php\/wp-json\/wp\/v2\/types\/post"}],"author":[{"embeddable":true,"href":"https:\/\/cdnoticias.com\/index.php\/wp-json\/wp\/v2\/users\/4"}],"replies":[{"embeddable":true,"href":"https:\/\/cdnoticias.com\/index.php\/wp-json\/wp\/v2\/comments?post=77301"}],"version-history":[{"count":0,"href":"https:\/\/cdnoticias.com\/index.php\/wp-json\/wp\/v2\/posts\/77301\/revisions"}],"wp:featuredmedia":[{"embeddable":true,"href":"https:\/\/cdnoticias.com\/index.php\/wp-json\/wp\/v2\/media\/76812"}],"wp:attachment":[{"href":"https:\/\/cdnoticias.com\/index.php\/wp-json\/wp\/v2\/media?parent=77301"}],"wp:term":[{"taxonomy":"category","embeddable":true,"href":"https:\/\/cdnoticias.com\/index.php\/wp-json\/wp\/v2\/categories?post=77301"},{"taxonomy":"post_tag","embeddable":true,"href":"https:\/\/cdnoticias.com\/index.php\/wp-json\/wp\/v2\/tags?post=77301"}],"curies":[{"name":"wp","href":"https:\/\/api.w.org\/{rel}","templated":true}]}}