{"id":77233,"date":"2023-02-17T19:01:06","date_gmt":"2023-02-17T22:01:06","guid":{"rendered":"https:\/\/www.centraldenoticias.com.ar\/?p=77233"},"modified":"2023-02-17T19:01:06","modified_gmt":"2023-02-17T22:01:06","slug":"foro-olavarria-fr-propone-reconocimiento-a-propuestas-culturales-de-la-ciudad-y-la-region","status":"publish","type":"post","link":"https:\/\/cdnoticias.com\/index.php\/2023\/02\/17\/foro-olavarria-fr-propone-reconocimiento-a-propuestas-culturales-de-la-ciudad-y-la-region\/","title":{"rendered":"Foro Olavarr\u00eda &#8211; FR propone reconocimiento a propuestas culturales de la ciudad y la regi\u00f3n"},"content":{"rendered":"<p>Se trata de dos proyectos de resoluci\u00f3n para declarar de inter\u00e9s legislativo al \u201c10\u00b0 Festival Internacional de Estatuas Vivientes\u201d y al grupo Big Band Regional. Eduardo Rodr\u00edguez celebr\u00f3 las iniciativas.<!--more--><\/p>\n<hr \/>\n<p>El bloque de concejales del<strong> Foro Olavarr\u00eda &#8211; Frente Renovador en el Frente de Todos<\/strong>, el cual conforman la concejala <strong>In\u00e9s Creimer<\/strong> y el concejal <strong>Gast\u00f3n Sarachu<\/strong>, elev\u00f3 al HCD dos proyectos de resoluci\u00f3n que buscan <strong>declarar de inter\u00e9s legislativo dos propuestas culturales<\/strong>.<\/p>\n<p>&nbsp;<\/p>\n<p>Se trata del <strong>\u201c10\u00b0 Festival Internacional de Estatuas Vivientes\u201d<\/strong> y la <strong>Big Band Regional (BBR). <\/strong><strong>Eduardo Rodr\u00edguez<\/strong>, principal referente del Foro Olavarr\u00eda &#8211; Frente Renovador en el Frente de Todos, destac\u00f3 las iniciativas al se\u00f1alar que &#8220;<em><strong>son dos propuestas art\u00edsticas muy importantes que contribuyen al desarrollo cultural de Olavarr\u00eda&#8221;.<\/strong><\/em><\/p>\n<p>&nbsp;<\/p>\n<p>La <strong>d\u00e9cima edici\u00f3n del Festival Internacional de Estatuas Vivientes<\/strong>, se desarrollar\u00e1 en nuestra ciudad los d\u00edas <strong>18 y 19 de marzo. <\/strong>Ser\u00e1 organizado por los <strong>artistas locales Mar\u00eda In\u00e9s Banegas y Eugenio Mitre.<\/strong><\/p>\n<p>&nbsp;<\/p>\n<p>Desde el bloque indicaron que el festival <em><strong>\u201cpermite a los vecinos y vecinas de Olavarr\u00eda disfrutar de la llegada de artistas de distintos puntos de la Argentina y otros pa\u00edses, ofreciendo una gran variedad de propuestas est\u00e9ticas\u201d.<\/strong><\/em> Tambi\u00e9n destacaron que este tipo de eventos \u201c<em><strong>posiciona a la ciudad entre las de mayor desarrollo art\u00edstico cultural del pa\u00eds\u201d.<\/strong><\/em><\/p>\n<p>&nbsp;<\/p>\n<p>Por su parte, la <strong>Big Band Regional<\/strong> se trata de una<strong> formaci\u00f3n in\u00e9dita en la Provincia de Buenos Aires,<\/strong> compuesta por <strong>m\u00fasicos de Olavarr\u00eda, Tres Arroyos, Tandil , Azul , Gonzales Chaves, Coronel Su\u00e1rez y Pehuaj\u00f3.<\/strong> De los 20 integrantes que la conforman,<strong> 10 son m\u00fasicos olavarrienses,<\/strong> entre ellos sus creadores, gestores y compositores.<\/p>\n<p>&nbsp;<\/p>\n<p>Transitando su <strong>tercer a\u00f1o de actividad<\/strong>, la BBR tambi\u00e9n<strong> ofrece ensayos ambulantes abiertos, libres\u00a0 y gratuitos. <\/strong>Adem\u00e1s, la <strong>agrupaci\u00f3n<\/strong> <strong>adhiere y cumple con la Ley de Cupo Femenino.\u00a0<\/strong><\/p>\n<p>&nbsp;<\/p>\n<p>La BBR ha recibido premios, distinciones y becas del INamu y Fondo Reactivo Cultural Olavarr\u00eda edici\u00f3n 1\u00a0 y 2. A su vez, est\u00e1 creando y aportando a un Archivo sonoro Actual de la PBA a trav\u00e9s de sus m\u00fasicas especialmente compuestas para esta agrupaci\u00f3n.<\/p>\n<p>&nbsp;<\/p>\n<p><em><strong>\u201cLa Big Band Regional deja de manifiesto c\u00f3mo a trav\u00e9s de la m\u00fasica y la cultura pueden borrarse los l\u00edmites geogr\u00e1ficos, generando un espacio com\u00fan y de construcci\u00f3n colectivas entre los municipios participantes\u201d <\/strong><\/em>cerraron\u00a0desde el bloque conducido por la concejala In\u00e9s Creimer y el concejal Gast\u00f3n Sarachu.<\/p>\n<p>&nbsp;<\/p>\n<p>&nbsp;<\/p>\n","protected":false},"excerpt":{"rendered":"<p>Se trata de dos proyectos de resoluci\u00f3n para declarar de inter\u00e9s legislativo al \u201c10\u00b0 Festival Internacional de Estatuas Vivientes\u201d y<\/p>\n","protected":false},"author":6,"featured_media":77234,"comment_status":"closed","ping_status":"closed","sticky":false,"template":"","format":"standard","meta":{"_jetpack_memberships_contains_paid_content":false,"footnotes":""},"categories":[4,1],"tags":[],"class_list":["post-77233","post","type-post","status-publish","format-standard","has-post-thumbnail","hentry","category-politica","category-portada"],"jetpack_featured_media_url":"https:\/\/i0.wp.com\/cdnoticias.com\/wp-content\/uploads\/2023\/02\/Rodriguez-Creimer-Sarachu.jpeg?fit=800%2C500&ssl=1","jetpack_sharing_enabled":true,"_links":{"self":[{"href":"https:\/\/cdnoticias.com\/index.php\/wp-json\/wp\/v2\/posts\/77233","targetHints":{"allow":["GET"]}}],"collection":[{"href":"https:\/\/cdnoticias.com\/index.php\/wp-json\/wp\/v2\/posts"}],"about":[{"href":"https:\/\/cdnoticias.com\/index.php\/wp-json\/wp\/v2\/types\/post"}],"author":[{"embeddable":true,"href":"https:\/\/cdnoticias.com\/index.php\/wp-json\/wp\/v2\/users\/6"}],"replies":[{"embeddable":true,"href":"https:\/\/cdnoticias.com\/index.php\/wp-json\/wp\/v2\/comments?post=77233"}],"version-history":[{"count":0,"href":"https:\/\/cdnoticias.com\/index.php\/wp-json\/wp\/v2\/posts\/77233\/revisions"}],"wp:featuredmedia":[{"embeddable":true,"href":"https:\/\/cdnoticias.com\/index.php\/wp-json\/wp\/v2\/media\/77234"}],"wp:attachment":[{"href":"https:\/\/cdnoticias.com\/index.php\/wp-json\/wp\/v2\/media?parent=77233"}],"wp:term":[{"taxonomy":"category","embeddable":true,"href":"https:\/\/cdnoticias.com\/index.php\/wp-json\/wp\/v2\/categories?post=77233"},{"taxonomy":"post_tag","embeddable":true,"href":"https:\/\/cdnoticias.com\/index.php\/wp-json\/wp\/v2\/tags?post=77233"}],"curies":[{"name":"wp","href":"https:\/\/api.w.org\/{rel}","templated":true}]}}