{"id":77217,"date":"2023-02-16T17:30:06","date_gmt":"2023-02-16T20:30:06","guid":{"rendered":"https:\/\/www.centraldenoticias.com.ar\/?p=77217"},"modified":"2023-02-16T17:30:06","modified_gmt":"2023-02-16T20:30:06","slug":"se-confirmo-la-identidad-del-ciclista-fallecido-en-del-valle-y-urquiza","status":"publish","type":"post","link":"https:\/\/cdnoticias.com\/index.php\/2023\/02\/16\/se-confirmo-la-identidad-del-ciclista-fallecido-en-del-valle-y-urquiza\/","title":{"rendered":"Se confirm\u00f3 la identidad del ciclista fallecido en Del Valle y Urquiza"},"content":{"rendered":"<p>El hombre ten\u00eda 66 a\u00f1os y falleci\u00f3 en el acto luego de colisionar contra un cami\u00f3n. <!--more--><\/p>\n<hr \/>\n<p>Luego del <a href=\"https:\/\/cdnoticias.com\/index.php\/2023\/02\/16\/fatal-accidente-un-ciclista-murio-tras-ser-arrollado-por-un-camion\/\" target=\"_blank\" rel=\"noopener\">fatal accidente ocurrido en la ma\u00f1ana de este jueves<\/a>, se dio a conocer la <strong>identidad del ciclista fallecido en Del Valle y Urquiza.\u00a0<\/strong><\/p>\n<p>&nbsp;<\/p>\n<p>Se pudo saber que el ciclista sal\u00eda de una agencia de quiniela cuando el cami\u00f3n marca Renault que circulaba por avenida Del Valle lo aroll\u00f3.<\/p>\n<p>&nbsp;<\/p>\n<p>El hombre fue identificado como <strong>Rub\u00e9n \u00c1ngel Schwab de 66 a\u00f1os<\/strong> , quien falleci\u00f3 en el acto del siniestro.<\/p>\n<p>&nbsp;<\/p>\n<p>Por \u00faltimo se inform\u00f3 que a\u00fan se investigan las causas del siniestro vial.<\/p>\n<p>&nbsp;<\/p>\n<p>&nbsp;<\/p>\n<p>&nbsp;<\/p>\n<p>&nbsp;<\/p>\n<p>&nbsp;<\/p>\n<p>&nbsp;<\/p>\n<p>&nbsp;<\/p>\n","protected":false},"excerpt":{"rendered":"<p>El hombre ten\u00eda 66 a\u00f1os y falleci\u00f3 en el acto luego de colisionar contra un cami\u00f3n.<\/p>\n","protected":false},"author":6,"featured_media":77164,"comment_status":"closed","ping_status":"closed","sticky":false,"template":"","format":"standard","meta":{"_jetpack_memberships_contains_paid_content":false,"footnotes":""},"categories":[14,1],"tags":[],"class_list":["post-77217","post","type-post","status-publish","format-standard","has-post-thumbnail","hentry","category-policiales","category-portada"],"jetpack_featured_media_url":"https:\/\/i0.wp.com\/cdnoticias.com\/wp-content\/uploads\/2023\/02\/accidente-delvalle-urquiza-03.jpg?fit=1600%2C890&ssl=1","jetpack_sharing_enabled":true,"_links":{"self":[{"href":"https:\/\/cdnoticias.com\/index.php\/wp-json\/wp\/v2\/posts\/77217","targetHints":{"allow":["GET"]}}],"collection":[{"href":"https:\/\/cdnoticias.com\/index.php\/wp-json\/wp\/v2\/posts"}],"about":[{"href":"https:\/\/cdnoticias.com\/index.php\/wp-json\/wp\/v2\/types\/post"}],"author":[{"embeddable":true,"href":"https:\/\/cdnoticias.com\/index.php\/wp-json\/wp\/v2\/users\/6"}],"replies":[{"embeddable":true,"href":"https:\/\/cdnoticias.com\/index.php\/wp-json\/wp\/v2\/comments?post=77217"}],"version-history":[{"count":0,"href":"https:\/\/cdnoticias.com\/index.php\/wp-json\/wp\/v2\/posts\/77217\/revisions"}],"wp:featuredmedia":[{"embeddable":true,"href":"https:\/\/cdnoticias.com\/index.php\/wp-json\/wp\/v2\/media\/77164"}],"wp:attachment":[{"href":"https:\/\/cdnoticias.com\/index.php\/wp-json\/wp\/v2\/media?parent=77217"}],"wp:term":[{"taxonomy":"category","embeddable":true,"href":"https:\/\/cdnoticias.com\/index.php\/wp-json\/wp\/v2\/categories?post=77217"},{"taxonomy":"post_tag","embeddable":true,"href":"https:\/\/cdnoticias.com\/index.php\/wp-json\/wp\/v2\/tags?post=77217"}],"curies":[{"name":"wp","href":"https:\/\/api.w.org\/{rel}","templated":true}]}}