{"id":77214,"date":"2023-02-16T17:09:51","date_gmt":"2023-02-16T20:09:51","guid":{"rendered":"https:\/\/www.centraldenoticias.com.ar\/?p=77214"},"modified":"2023-02-21T10:04:38","modified_gmt":"2023-02-21T13:04:38","slug":"el-ministro-de-salud-nicolas-kreplak-estuvo-en-olavarria-y-visito-oncologia","status":"publish","type":"post","link":"https:\/\/cdnoticias.com\/index.php\/2023\/02\/16\/el-ministro-de-salud-nicolas-kreplak-estuvo-en-olavarria-y-visito-oncologia\/","title":{"rendered":"El ministro de Salud Nicol\u00e1s Kreplak estuvo en Olavarr\u00eda y visit\u00f3 Oncolog\u00eda"},"content":{"rendered":"<p>Lo hizo acompa\u00f1ado de funcionarios provinciales y referentes locales del Frente de Todos. Recorri\u00f3 las obras del centro de salud bonaerense y valor\u00f3 el trabajo su llegada \u201ca toda la regi\u00f3n\u201d. <!--more--><\/p>\n<hr \/>\n<p>Este jueves, en una intensa jornada para los integrantes del Frente de Todos en Olavarr\u00eda, <strong>el ministro de Salud Nicol\u00e1s Kreplak realiz\u00f3 una recorrida por Olavarr\u00eda, se reuni\u00f3 con el Intendente Galli, estuvo en el Hospital Provincial de Oncolog\u00eda y visit\u00f3 las obras realizadas por la gesti\u00f3n Kicillof.<\/strong><\/p>\n<p>&nbsp;<\/p>\n<p>Acompa\u00f1ado en todo momento por el diputado provincial C\u00e9sar Valicenti, Kreplak lleg\u00f3 junto a la directora del Instituto provincial del c\u00e1ncer, Marina Epifano, y aqu\u00ed fueron recibidos por la directora del centro de salud oncol\u00f3gico, la doctora Silvina Rosende.<\/p>\n<p>&nbsp;<\/p>\n<p><img data-recalc-dims=\"1\" loading=\"lazy\" decoding=\"async\" class=\"alignnone size-large wp-image-77186\" src=\"https:\/\/i0.wp.com\/cdnoticias.com\/wp-content\/uploads\/2023\/02\/kreplak-07.jpg?resize=800%2C445&#038;ssl=1\" alt=\"\" width=\"800\" height=\"445\" srcset=\"https:\/\/i0.wp.com\/cdnoticias.com\/wp-content\/uploads\/2023\/02\/kreplak-07-scaled.jpg?resize=1024%2C570&amp;ssl=1 1024w, https:\/\/i0.wp.com\/cdnoticias.com\/wp-content\/uploads\/2023\/02\/kreplak-07-scaled.jpg?resize=300%2C167&amp;ssl=1 300w, https:\/\/i0.wp.com\/cdnoticias.com\/wp-content\/uploads\/2023\/02\/kreplak-07-scaled.jpg?resize=768%2C427&amp;ssl=1 768w, https:\/\/i0.wp.com\/cdnoticias.com\/wp-content\/uploads\/2023\/02\/kreplak-07-scaled.jpg?resize=1536%2C855&amp;ssl=1 1536w, https:\/\/i0.wp.com\/cdnoticias.com\/wp-content\/uploads\/2023\/02\/kreplak-07-scaled.jpg?resize=2048%2C1140&amp;ssl=1 2048w, https:\/\/i0.wp.com\/cdnoticias.com\/wp-content\/uploads\/2023\/02\/kreplak-07-scaled.jpg?resize=800%2C445&amp;ssl=1 800w, https:\/\/i0.wp.com\/cdnoticias.com\/wp-content\/uploads\/2023\/02\/kreplak-07-scaled.jpg?w=1600&amp;ssl=1 1600w, https:\/\/i0.wp.com\/cdnoticias.com\/wp-content\/uploads\/2023\/02\/kreplak-07-scaled.jpg?w=2400&amp;ssl=1 2400w\" sizes=\"auto, (max-width: 800px) 100vw, 800px\" \/><\/p>\n<p>&nbsp;<\/p>\n<p>En di\u00e1logo con los medios tras una recorrida por los nuevos sectores proyectados para el centro de Salud, Kreplak manifest\u00f3 sus ganas de visitar Olavarr\u00eda,<em> \u201cvenir al Hospital, hablar con la directora Rosende, quer\u00edamos charlar junto con el diputado Valicenti, con todo el equipo del Ministerio de Salud con quien todo el tiempo tenemos contacto, pero quer\u00edamos venir a ver\u201d.<\/em><\/p>\n<p>&nbsp;<\/p>\n<blockquote><p>\u201cEste Hospital ha tenido una transformaci\u00f3n que queda a la vista de todos, de los y las pacientes, del personal. Se ha hecho mucho trabajo, cuidado, cari\u00f1o, de inversi\u00f3n por parte de la Provincia\u201d.<\/p><\/blockquote>\n<p>&nbsp;<\/p>\n<p>Se\u00f1al\u00f3 que las recorridas tienen el objetivo de <em>\u201ccharlar, escuchar en el lugar cu\u00e1les son los desaf\u00edos, las dificultades, qu\u00e9 cosas hemos mejorado o proyectamos y so\u00f1amos, viendo las dimensiones del lugar, un proyecto de Hospital a mediano\/largo plazo. La llegada de nuevo equipamiento de ginecolog\u00eda para hacer diagn\u00f3stico. El Hospital es de referencia para la regi\u00f3n, por la capacidad t\u00e9cnica de los trabajadores y trabajadoras y su ubicaci\u00f3n\u201d<\/em> valor\u00f3.<\/p>\n<p>&nbsp;<\/p>\n<p><img data-recalc-dims=\"1\" loading=\"lazy\" decoding=\"async\" class=\"alignnone size-large wp-image-77185\" src=\"https:\/\/i0.wp.com\/cdnoticias.com\/wp-content\/uploads\/2023\/02\/kreplak-06.jpg?resize=800%2C445&#038;ssl=1\" alt=\"\" width=\"800\" height=\"445\" srcset=\"https:\/\/i0.wp.com\/cdnoticias.com\/wp-content\/uploads\/2023\/02\/kreplak-06.jpg?resize=1024%2C570&amp;ssl=1 1024w, https:\/\/i0.wp.com\/cdnoticias.com\/wp-content\/uploads\/2023\/02\/kreplak-06.jpg?resize=300%2C167&amp;ssl=1 300w, https:\/\/i0.wp.com\/cdnoticias.com\/wp-content\/uploads\/2023\/02\/kreplak-06.jpg?resize=768%2C427&amp;ssl=1 768w, https:\/\/i0.wp.com\/cdnoticias.com\/wp-content\/uploads\/2023\/02\/kreplak-06.jpg?resize=1536%2C855&amp;ssl=1 1536w, https:\/\/i0.wp.com\/cdnoticias.com\/wp-content\/uploads\/2023\/02\/kreplak-06.jpg?resize=2048%2C1140&amp;ssl=1 2048w, https:\/\/i0.wp.com\/cdnoticias.com\/wp-content\/uploads\/2023\/02\/kreplak-06.jpg?resize=800%2C445&amp;ssl=1 800w, https:\/\/i0.wp.com\/cdnoticias.com\/wp-content\/uploads\/2023\/02\/kreplak-06.jpg?w=1600&amp;ssl=1 1600w\" sizes=\"auto, (max-width: 800px) 100vw, 800px\" \/><\/p>\n<p>&nbsp;<\/p>\n<p>Sobre el Hospital, manifest\u00f3 que<em> \u201ces de referencia en una tem\u00e1tica muy sensible. Parte de una tem\u00e1tica en la Provincia que cuando asumimos no ten\u00edamos un \u00e1rea especializada en el diagn\u00f3stico, tratamiento, dise\u00f1o de pol\u00edticas p\u00fablicas alrededor del c\u00e1ncer. <strong>Creamos el Instituto Provincial del c\u00e1ncer, est\u00e1 la directora Marina Epifano ac\u00e1 presente<\/strong>\u201d<\/em> dijo presentando a la doctora que tambi\u00e9n visit\u00f3 la ciudad.<\/p>\n<p>&nbsp;<\/p>\n<p>Sobre los avances en estos tres a\u00f1os, dijo que cuando llegaron<em> \u201capenas ten\u00edamos un banco de drogas, que estaba sin drogas. Hoy tenemos medicamentos, tratamientos, y el dise\u00f1o de pol\u00edticas p\u00fablicas. Este Hospital es uno de los hospitales oncol\u00f3gicos de la Provincia muy importantes, no s\u00f3lo porque atiende pacientes sino que nos ayuda a pensar hacia d\u00f3nde tiene que avanzar el cuidado de una pol\u00edtica tan importante como las enfermedades oncol\u00f3gicas, con los referentes pol\u00edticos, territoriales\u201d.<\/em><\/p>\n<p>&nbsp;<\/p>\n<p>Previo a su visita al centro de salud, <strong>estuvo en el Municipio donde se reuni\u00f3 con el Intendente Galli y varios funcionarios tales como el secretario de Salud, Germ\u00e1n Caputo.<\/strong> All\u00ed, dijo Kreplak, <em>\u201cestuvimos charlando en el diagn\u00f3stico de salud de la regi\u00f3n y la localidad, cu\u00e1les son las dificultades que se pueden observar\u201d.<\/em><\/p>\n<p>&nbsp;<\/p>\n<p><img data-recalc-dims=\"1\" loading=\"lazy\" decoding=\"async\" class=\"alignnone size-large wp-image-77215\" src=\"https:\/\/i0.wp.com\/cdnoticias.com\/wp-content\/uploads\/2023\/02\/Salud-Visita-Ministro-Kreplak-2-scaled-1.jpg?resize=800%2C534&#038;ssl=1\" alt=\"\" width=\"800\" height=\"534\" srcset=\"https:\/\/i0.wp.com\/cdnoticias.com\/wp-content\/uploads\/2023\/02\/Salud-Visita-Ministro-Kreplak-2-scaled-1.jpg?resize=1024%2C684&amp;ssl=1 1024w, https:\/\/i0.wp.com\/cdnoticias.com\/wp-content\/uploads\/2023\/02\/Salud-Visita-Ministro-Kreplak-2-scaled-1.jpg?resize=300%2C201&amp;ssl=1 300w, https:\/\/i0.wp.com\/cdnoticias.com\/wp-content\/uploads\/2023\/02\/Salud-Visita-Ministro-Kreplak-2-scaled-1.jpg?resize=768%2C513&amp;ssl=1 768w, https:\/\/i0.wp.com\/cdnoticias.com\/wp-content\/uploads\/2023\/02\/Salud-Visita-Ministro-Kreplak-2-scaled-1.jpg?resize=1536%2C1027&amp;ssl=1 1536w, https:\/\/i0.wp.com\/cdnoticias.com\/wp-content\/uploads\/2023\/02\/Salud-Visita-Ministro-Kreplak-2-scaled-1.jpg?resize=2048%2C1369&amp;ssl=1 2048w, https:\/\/i0.wp.com\/cdnoticias.com\/wp-content\/uploads\/2023\/02\/Salud-Visita-Ministro-Kreplak-2-scaled-1.jpg?resize=272%2C182&amp;ssl=1 272w, https:\/\/i0.wp.com\/cdnoticias.com\/wp-content\/uploads\/2023\/02\/Salud-Visita-Ministro-Kreplak-2-scaled-1.jpg?w=1600&amp;ssl=1 1600w, https:\/\/i0.wp.com\/cdnoticias.com\/wp-content\/uploads\/2023\/02\/Salud-Visita-Ministro-Kreplak-2-scaled-1.jpg?w=2400&amp;ssl=1 2400w\" sizes=\"auto, (max-width: 800px) 100vw, 800px\" \/><\/p>\n<p>&nbsp;<\/p>\n<blockquote><p>\u201cLa problem\u00e1tica m\u00e1s frecuente en toda la regi\u00f3n, la Provincia y el pa\u00eds tiene que ver con la accesibilidad de atenci\u00f3n con una dificultad en recurso humano, fuerza laboral. Eso tiene impacto en Olavarr\u00eda\u201d y el ministro le coment\u00f3 al jefe comunal \u201cla estrategia que lleva adelante Axel Kicillof para sortear esa problem\u00e1tica y garantizar un acceso a la salud para todos y todas\u201d.<\/p><\/blockquote>\n<p>&nbsp;<\/p>\n<p>En este sentido, valor\u00f3 la reducci\u00f3n en la mortalidad infantil, en todas las l\u00edneas, <em>\u201cel impacto en patolog\u00edas patol\u00f3gicas estamos llegando m\u00e1s r\u00e1pidamente\u201d,<\/em> y <strong><em>\u201ccuando uno llega a una localidad lo hace con respeto, escucha, preguntar, intentamos trabajar con todos los Municipios sin distinci\u00f3n de color pol\u00edtico, vinimos a ponernos a disposici\u00f3n y trabajar de forma articulada\u201d.<\/em><\/strong><\/p>\n<p>&nbsp;<\/p>\n<p><span style=\"text-decoration: underline;\"><strong>La post pandemia<\/strong><\/span><\/p>\n<p>&nbsp;<\/p>\n<p><img data-recalc-dims=\"1\" loading=\"lazy\" decoding=\"async\" class=\"alignnone size-large wp-image-77187\" src=\"https:\/\/i0.wp.com\/cdnoticias.com\/wp-content\/uploads\/2023\/02\/oncologia-hospital.jpg?resize=800%2C445&#038;ssl=1\" alt=\"\" width=\"800\" height=\"445\" srcset=\"https:\/\/i0.wp.com\/cdnoticias.com\/wp-content\/uploads\/2023\/02\/oncologia-hospital-scaled.jpg?resize=1024%2C570&amp;ssl=1 1024w, https:\/\/i0.wp.com\/cdnoticias.com\/wp-content\/uploads\/2023\/02\/oncologia-hospital-scaled.jpg?resize=300%2C167&amp;ssl=1 300w, https:\/\/i0.wp.com\/cdnoticias.com\/wp-content\/uploads\/2023\/02\/oncologia-hospital-scaled.jpg?resize=768%2C427&amp;ssl=1 768w, https:\/\/i0.wp.com\/cdnoticias.com\/wp-content\/uploads\/2023\/02\/oncologia-hospital-scaled.jpg?resize=1536%2C855&amp;ssl=1 1536w, https:\/\/i0.wp.com\/cdnoticias.com\/wp-content\/uploads\/2023\/02\/oncologia-hospital-scaled.jpg?resize=2048%2C1140&amp;ssl=1 2048w, https:\/\/i0.wp.com\/cdnoticias.com\/wp-content\/uploads\/2023\/02\/oncologia-hospital-scaled.jpg?resize=800%2C445&amp;ssl=1 800w, https:\/\/i0.wp.com\/cdnoticias.com\/wp-content\/uploads\/2023\/02\/oncologia-hospital-scaled.jpg?w=1600&amp;ssl=1 1600w, https:\/\/i0.wp.com\/cdnoticias.com\/wp-content\/uploads\/2023\/02\/oncologia-hospital-scaled.jpg?w=2400&amp;ssl=1 2400w\" sizes=\"auto, (max-width: 800px) 100vw, 800px\" \/><\/p>\n<p>&nbsp;<\/p>\n<p>El funcionario provincial admiti\u00f3 que en diciembre hubo una ola de casos de COVID <strong><em>\u201ccon bajo impacto de casos graves\u201d<\/em><\/strong>. Los casos graves, como dato particular,<em> \u201cno se hab\u00edan dado dosis en los \u00faltimos seis meses, as\u00ed que se reafirma lo que se ha dicho y estudiado: las vacunas sirven\u201d.<\/em><\/p>\n<p>&nbsp;<\/p>\n<blockquote><p>\u201cCuando uno se vacuna, sobretodo la poblaci\u00f3n de riesgo, en los \u00faltimos seis meses, el riesgo de tener un cuadro grave es realmente mucho m\u00e1s bajo. La bivalente viene a ayudarnos a intentar estirar ese plazo de seis meses\u201d.<\/p><\/blockquote>\n<p>&nbsp;<\/p>\n<p>Valor\u00f3 que la campa\u00f1a bonaerense <em>\u201cha sido extraordinaria, y permiti\u00f3 que en una ola de casos, la m\u00e1s grande, no fue m\u00e1s que un cuadro de enfermedades respiratorias con algunos casos graves pero la mayor\u00eda nos fue bastante bien. Hay que insistir en esa l\u00ednea, con los refuerzos indicados. Hay otras vacunas, no s\u00f3lo la bivalente, son todas eficaces. Va a seguir circulaci\u00f3n de este virus por un tiempo m\u00e1s, pero las vacunas previenen enfermedades. No hay que olvidarse, dejarse acompa\u00f1ar por el equipo de salud. Hay que recuperar las medidas de cuidado\u201d.<\/em><\/p>\n<p>&nbsp;<\/p>\n<p><span style=\"text-decoration: underline;\"><strong>\u201cEn la pandemia se usaban las fotos de las recetas de papel\u201d<\/strong><\/span><\/p>\n<p>&nbsp;<\/p>\n<p><img data-recalc-dims=\"1\" loading=\"lazy\" decoding=\"async\" class=\"alignnone size-large wp-image-77184\" src=\"https:\/\/i0.wp.com\/cdnoticias.com\/wp-content\/uploads\/2023\/02\/kreplak-05.jpg?resize=800%2C445&#038;ssl=1\" alt=\"\" width=\"800\" height=\"445\" srcset=\"https:\/\/i0.wp.com\/cdnoticias.com\/wp-content\/uploads\/2023\/02\/kreplak-05-scaled.jpg?resize=1024%2C570&amp;ssl=1 1024w, https:\/\/i0.wp.com\/cdnoticias.com\/wp-content\/uploads\/2023\/02\/kreplak-05-scaled.jpg?resize=300%2C167&amp;ssl=1 300w, https:\/\/i0.wp.com\/cdnoticias.com\/wp-content\/uploads\/2023\/02\/kreplak-05-scaled.jpg?resize=768%2C427&amp;ssl=1 768w, https:\/\/i0.wp.com\/cdnoticias.com\/wp-content\/uploads\/2023\/02\/kreplak-05-scaled.jpg?resize=1536%2C855&amp;ssl=1 1536w, https:\/\/i0.wp.com\/cdnoticias.com\/wp-content\/uploads\/2023\/02\/kreplak-05-scaled.jpg?resize=2048%2C1140&amp;ssl=1 2048w, https:\/\/i0.wp.com\/cdnoticias.com\/wp-content\/uploads\/2023\/02\/kreplak-05-scaled.jpg?resize=800%2C445&amp;ssl=1 800w, https:\/\/i0.wp.com\/cdnoticias.com\/wp-content\/uploads\/2023\/02\/kreplak-05-scaled.jpg?w=1600&amp;ssl=1 1600w, https:\/\/i0.wp.com\/cdnoticias.com\/wp-content\/uploads\/2023\/02\/kreplak-05-scaled.jpg?w=2400&amp;ssl=1 2400w\" sizes=\"auto, (max-width: 800px) 100vw, 800px\" \/><\/p>\n<p>&nbsp;<\/p>\n<p>Kreplak valor\u00f3 la importancia de la pronta implementaci\u00f3n de la receta electr\u00f3nica, cuya inscripci\u00f3n a profesionales comenz\u00f3 esta semana:<em> \u201cunos cuantos se han inscripto, yo lo hice ayer, y a partir del 28 podremos emitir recetas electr\u00f3nicas, este es un avance muy importante porque antes no lo ten\u00edamos\u201d.<\/em><\/p>\n<p>&nbsp;<\/p>\n<p>Y valor\u00f3 el avance justamente porque <strong><em>\u201cen la pandemia se usaban las fotos de las recetas de papel: 8 de cada 10 recetas que se usaban en las farmacias de la Provincia eran fotos de recetas\u201d.<\/em> <\/strong>Si bien<em> \u201ces mucho m\u00e1s c\u00f3modo ir con el celular, con el Whatsapp\u2026pero el problema es que tienen fallas de seguridad. Pod\u00eda utilizar en cualquiera farmacia muchas veces y comprar medicamentos que pod\u00edan generar sobreuso con efectos adversos\u201d<\/em> admiti\u00f3.<\/p>\n<p>&nbsp;<\/p>\n<p><span style=\"text-decoration: underline;\"><strong>Las obras en el Hospital de Oncolog\u00eda<\/strong><\/span><\/p>\n<p>&nbsp;<\/p>\n<p><img data-recalc-dims=\"1\" loading=\"lazy\" decoding=\"async\" class=\"alignnone size-large wp-image-77188\" src=\"https:\/\/i0.wp.com\/cdnoticias.com\/wp-content\/uploads\/2023\/02\/oncologia-hospital-obra.jpg?resize=800%2C445&#038;ssl=1\" alt=\"\" width=\"800\" height=\"445\" srcset=\"https:\/\/i0.wp.com\/cdnoticias.com\/wp-content\/uploads\/2023\/02\/oncologia-hospital-obra-scaled.jpg?resize=1024%2C570&amp;ssl=1 1024w, https:\/\/i0.wp.com\/cdnoticias.com\/wp-content\/uploads\/2023\/02\/oncologia-hospital-obra-scaled.jpg?resize=300%2C167&amp;ssl=1 300w, https:\/\/i0.wp.com\/cdnoticias.com\/wp-content\/uploads\/2023\/02\/oncologia-hospital-obra-scaled.jpg?resize=768%2C427&amp;ssl=1 768w, https:\/\/i0.wp.com\/cdnoticias.com\/wp-content\/uploads\/2023\/02\/oncologia-hospital-obra-scaled.jpg?resize=1536%2C855&amp;ssl=1 1536w, https:\/\/i0.wp.com\/cdnoticias.com\/wp-content\/uploads\/2023\/02\/oncologia-hospital-obra-scaled.jpg?resize=2048%2C1140&amp;ssl=1 2048w, https:\/\/i0.wp.com\/cdnoticias.com\/wp-content\/uploads\/2023\/02\/oncologia-hospital-obra-scaled.jpg?resize=800%2C445&amp;ssl=1 800w, https:\/\/i0.wp.com\/cdnoticias.com\/wp-content\/uploads\/2023\/02\/oncologia-hospital-obra-scaled.jpg?w=1600&amp;ssl=1 1600w, https:\/\/i0.wp.com\/cdnoticias.com\/wp-content\/uploads\/2023\/02\/oncologia-hospital-obra-scaled.jpg?w=2400&amp;ssl=1 2400w\" sizes=\"auto, (max-width: 800px) 100vw, 800px\" \/><\/p>\n<p>&nbsp;<\/p>\n<p>La doctora Rosende, directora del centro de salud, expres\u00f3 que las obras realizadas en el Hospital de Oncolog\u00eda<em> \u201cson otorgadas con apoyo financiero de la Provincia, estamos muy contentos. <strong>Eso ser\u00e1 destinado a la sala de espera de los pacientes oncol\u00f3gicos, para que tengan una sala de espera m\u00e1s amena. Se renov\u00f3 del techo hacia abajo, \u00edntegra.<\/strong> Tenemos m\u00e1s proyectos que hemos preguntado y nos han dado el apoyo para seguir mejorando el Hospital\u201d.<\/em><\/p>\n<p>&nbsp;<\/p>\n<p>Estos proyectos son la incorporaci\u00f3n de sillones nuevos para quimioterapia, que<em> \u201cser\u00e1 una ampliaci\u00f3n enorme, m\u00e1s ba\u00f1os, necesitamos infraestructura de aparatolog\u00eda, pero son todos proyectos que estamos preguntando\u201d.<\/em><\/p>\n<p>&nbsp;<\/p>\n<p>Indic\u00f3 que la importancia de los trabajos se da dado que<em> \u201ces el \u00fanico lugar p\u00fablico donde se hace quimioterapia y por ejemplo tiene atenci\u00f3n de PAMI. No solamente de Olavarr\u00eda sino de toda la Regi\u00f3n Sanitaria IX. <strong>Antes de la pandemia se iban a Buenos Aires, post pandemia empezaron a venir ac\u00e1, por su atenci\u00f3n integral, tenemos consultorios externos, psic\u00f3logos, psiquiatras. Tenemos turnos a demanda m\u00e1s all\u00e1 de lo programado<\/strong>\u201d<\/em> cerr\u00f3.<\/p>\n","protected":false},"excerpt":{"rendered":"<p>Lo hizo acompa\u00f1ado de funcionarios provinciales y referentes locales del Frente de Todos. Recorri\u00f3 las obras del centro de salud<\/p>\n","protected":false},"author":2,"featured_media":77181,"comment_status":"closed","ping_status":"closed","sticky":false,"template":"","format":"standard","meta":{"_jetpack_memberships_contains_paid_content":false,"footnotes":""},"categories":[5],"tags":[],"class_list":["post-77214","post","type-post","status-publish","format-standard","has-post-thumbnail","hentry","category-informacion-general"],"jetpack_featured_media_url":"https:\/\/i0.wp.com\/cdnoticias.com\/wp-content\/uploads\/2023\/02\/kreplak-02-scaled.jpg?fit=2560%2C1424&ssl=1","jetpack_sharing_enabled":true,"_links":{"self":[{"href":"https:\/\/cdnoticias.com\/index.php\/wp-json\/wp\/v2\/posts\/77214","targetHints":{"allow":["GET"]}}],"collection":[{"href":"https:\/\/cdnoticias.com\/index.php\/wp-json\/wp\/v2\/posts"}],"about":[{"href":"https:\/\/cdnoticias.com\/index.php\/wp-json\/wp\/v2\/types\/post"}],"author":[{"embeddable":true,"href":"https:\/\/cdnoticias.com\/index.php\/wp-json\/wp\/v2\/users\/2"}],"replies":[{"embeddable":true,"href":"https:\/\/cdnoticias.com\/index.php\/wp-json\/wp\/v2\/comments?post=77214"}],"version-history":[{"count":0,"href":"https:\/\/cdnoticias.com\/index.php\/wp-json\/wp\/v2\/posts\/77214\/revisions"}],"wp:featuredmedia":[{"embeddable":true,"href":"https:\/\/cdnoticias.com\/index.php\/wp-json\/wp\/v2\/media\/77181"}],"wp:attachment":[{"href":"https:\/\/cdnoticias.com\/index.php\/wp-json\/wp\/v2\/media?parent=77214"}],"wp:term":[{"taxonomy":"category","embeddable":true,"href":"https:\/\/cdnoticias.com\/index.php\/wp-json\/wp\/v2\/categories?post=77214"},{"taxonomy":"post_tag","embeddable":true,"href":"https:\/\/cdnoticias.com\/index.php\/wp-json\/wp\/v2\/tags?post=77214"}],"curies":[{"name":"wp","href":"https:\/\/api.w.org\/{rel}","templated":true}]}}