{"id":77196,"date":"2023-02-16T15:31:12","date_gmt":"2023-02-16T18:31:12","guid":{"rendered":"https:\/\/www.centraldenoticias.com.ar\/?p=77196"},"modified":"2023-02-16T17:10:02","modified_gmt":"2023-02-16T20:10:02","slug":"importante-secuestro-de-cubiertas-en-un-allanamiento-en-un-comercio-de-avenida-colon","status":"publish","type":"post","link":"https:\/\/cdnoticias.com\/index.php\/2023\/02\/16\/importante-secuestro-de-cubiertas-en-un-allanamiento-en-un-comercio-de-avenida-colon\/","title":{"rendered":"Importante secuestro de cubiertas en un allanamiento en un comercio de avenida Col\u00f3n"},"content":{"rendered":"<p>Las actuaciones se llevaron adelante en la ma\u00f1ana de este jueves con amplio despliegue policial. Se investigan robos y hurtos de cubiertas ocurridos en nuestra ciudad.<!--more--><\/p>\n<hr \/>\n<p>En la ma\u00f1ana de este jueves se llev\u00f3 adelante <strong>un allanamiento en un domicilio de Col\u00f3n al 1600.<\/strong><\/p>\n<p>&nbsp;<\/p>\n<p>Con gran despliegue de <strong>efectivos de la Comisar\u00eda Segunda<\/strong> con el apoyo de personal de Comisar\u00eda Primera, SubDDI, Subcomisarias de Loma Negra, Sierras Bayas, Sierra Chica, Hinojo, Polic\u00eda Local y Comisar\u00eda de la Mujer.<\/p>\n<p>&nbsp;<\/p>\n<p>El operativo tuvo lugar en un<strong> comercio ubicado a metros del cruce con Ituzaing\u00f3 <\/strong>con resultado positivo debido al<strong> secuestro de m\u00e1s de un centenar de cubiertas y dem\u00e1s elementos de inter\u00e9s para la investigaci\u00f3n.\u00a0<\/strong><\/p>\n<p>&nbsp;<\/p>\n<p><img data-recalc-dims=\"1\" loading=\"lazy\" decoding=\"async\" class=\"aligncenter size-full wp-image-77199\" src=\"https:\/\/i0.wp.com\/cdnoticias.com\/wp-content\/uploads\/2023\/02\/allanamiento-gomeria-colon1600-02.jpg?resize=800%2C445&#038;ssl=1\" alt=\"\" width=\"800\" height=\"445\" srcset=\"https:\/\/i0.wp.com\/cdnoticias.com\/wp-content\/uploads\/2023\/02\/allanamiento-gomeria-colon1600-02.jpg?w=1600&amp;ssl=1 1600w, https:\/\/i0.wp.com\/cdnoticias.com\/wp-content\/uploads\/2023\/02\/allanamiento-gomeria-colon1600-02.jpg?resize=300%2C167&amp;ssl=1 300w, https:\/\/i0.wp.com\/cdnoticias.com\/wp-content\/uploads\/2023\/02\/allanamiento-gomeria-colon1600-02.jpg?resize=1024%2C570&amp;ssl=1 1024w, https:\/\/i0.wp.com\/cdnoticias.com\/wp-content\/uploads\/2023\/02\/allanamiento-gomeria-colon1600-02.jpg?resize=768%2C427&amp;ssl=1 768w, https:\/\/i0.wp.com\/cdnoticias.com\/wp-content\/uploads\/2023\/02\/allanamiento-gomeria-colon1600-02.jpg?resize=1536%2C854&amp;ssl=1 1536w, https:\/\/i0.wp.com\/cdnoticias.com\/wp-content\/uploads\/2023\/02\/allanamiento-gomeria-colon1600-02.jpg?resize=800%2C445&amp;ssl=1 800w\" sizes=\"auto, (max-width: 800px) 100vw, 800px\" \/><\/p>\n<p>&nbsp;<\/p>\n<p>Fuentes policiales indicaron a <strong>Central de Noticias<\/strong> que el allanamiento fue impulsado<strong> en el marco de una investigaci\u00f3n por una causa de hurtos y robos de cubiertas<\/strong> registrados en Olavarr\u00eda a solicitud de la<strong> Ayudant\u00eda Fiscal de Autores Ignorados<\/strong> a cargo de la doctora Mirta Deroni.<\/p>\n<p>&nbsp;<\/p>\n<p>El local fue clausurado por<strong> infracci\u00f3n a la Ley 13.081<\/strong> que regula la actividad de comercios vinculados con el rubro automotor.<\/p>\n","protected":false},"excerpt":{"rendered":"<p>Las actuaciones se llevaron adelante en la ma\u00f1ana de este jueves con amplio despliegue policial. Se investigan robos y hurtos<\/p>\n","protected":false},"author":4,"featured_media":77200,"comment_status":"closed","ping_status":"closed","sticky":false,"template":"","format":"standard","meta":{"_jetpack_memberships_contains_paid_content":false,"footnotes":""},"categories":[14,1],"tags":[],"class_list":["post-77196","post","type-post","status-publish","format-standard","has-post-thumbnail","hentry","category-policiales","category-portada"],"jetpack_featured_media_url":"https:\/\/i0.wp.com\/cdnoticias.com\/wp-content\/uploads\/2023\/02\/allanamiento-gomeria-colon1600-01.jpg?fit=1600%2C890&ssl=1","jetpack_sharing_enabled":true,"_links":{"self":[{"href":"https:\/\/cdnoticias.com\/index.php\/wp-json\/wp\/v2\/posts\/77196","targetHints":{"allow":["GET"]}}],"collection":[{"href":"https:\/\/cdnoticias.com\/index.php\/wp-json\/wp\/v2\/posts"}],"about":[{"href":"https:\/\/cdnoticias.com\/index.php\/wp-json\/wp\/v2\/types\/post"}],"author":[{"embeddable":true,"href":"https:\/\/cdnoticias.com\/index.php\/wp-json\/wp\/v2\/users\/4"}],"replies":[{"embeddable":true,"href":"https:\/\/cdnoticias.com\/index.php\/wp-json\/wp\/v2\/comments?post=77196"}],"version-history":[{"count":0,"href":"https:\/\/cdnoticias.com\/index.php\/wp-json\/wp\/v2\/posts\/77196\/revisions"}],"wp:featuredmedia":[{"embeddable":true,"href":"https:\/\/cdnoticias.com\/index.php\/wp-json\/wp\/v2\/media\/77200"}],"wp:attachment":[{"href":"https:\/\/cdnoticias.com\/index.php\/wp-json\/wp\/v2\/media?parent=77196"}],"wp:term":[{"taxonomy":"category","embeddable":true,"href":"https:\/\/cdnoticias.com\/index.php\/wp-json\/wp\/v2\/categories?post=77196"},{"taxonomy":"post_tag","embeddable":true,"href":"https:\/\/cdnoticias.com\/index.php\/wp-json\/wp\/v2\/tags?post=77196"}],"curies":[{"name":"wp","href":"https:\/\/api.w.org\/{rel}","templated":true}]}}