{"id":77139,"date":"2023-02-15T21:29:39","date_gmt":"2023-02-16T00:29:39","guid":{"rendered":"https:\/\/www.centraldenoticias.com.ar\/?p=77139"},"modified":"2023-02-16T08:29:50","modified_gmt":"2023-02-16T11:29:50","slug":"ezequiel-galli-respaldo-la-precandidatura-a-gobernador-de-diego-santilli","status":"publish","type":"post","link":"https:\/\/cdnoticias.com\/index.php\/2023\/02\/15\/ezequiel-galli-respaldo-la-precandidatura-a-gobernador-de-diego-santilli\/","title":{"rendered":"Ezequiel Galli respald\u00f3 la precandidatura a Gobernador de Diego Santilli"},"content":{"rendered":"<p>Se mostr\u00f3 esperanzado sobre su lanzamiento y dijo que &#8220;podr\u00e1 sacar adelante la Provincia&#8221;. Durante este mi\u00e9rcoles, mostr\u00f3 en sus redes un expl\u00edcito apoyo. <!--more--><\/p>\n<hr \/>\n<p>El intendente <strong>Ezequiel Galli mostr\u00f3, este mi\u00e9rcoles, su apoyo a la precandidatura de Diego Santilli a gobernador de la provincia de Buenos Aires.<\/strong><\/p>\n<p>&nbsp;<\/p>\n<p>En este sentido, Galli dijo que <em>\u201ctengo muchas esperanzas de cara al futuro porque conozco la capacidad de trabajo que tiene Diego y no tengo dudas que va a sacar a la Provincia adelante\u201d.<\/em><\/p>\n<p>&nbsp;<\/p>\n<p><img data-recalc-dims=\"1\" loading=\"lazy\" decoding=\"async\" class=\"alignnone size-large wp-image-77141\" src=\"https:\/\/i0.wp.com\/cdnoticias.com\/wp-content\/uploads\/2023\/02\/santilligalli2.jpg?resize=800%2C800&#038;ssl=1\" alt=\"\" width=\"800\" height=\"800\" srcset=\"https:\/\/i0.wp.com\/cdnoticias.com\/wp-content\/uploads\/2023\/02\/santilligalli2.jpg?resize=1024%2C1024&amp;ssl=1 1024w, https:\/\/i0.wp.com\/cdnoticias.com\/wp-content\/uploads\/2023\/02\/santilligalli2.jpg?resize=300%2C300&amp;ssl=1 300w, https:\/\/i0.wp.com\/cdnoticias.com\/wp-content\/uploads\/2023\/02\/santilligalli2.jpg?resize=150%2C150&amp;ssl=1 150w, https:\/\/i0.wp.com\/cdnoticias.com\/wp-content\/uploads\/2023\/02\/santilligalli2.jpg?resize=768%2C768&amp;ssl=1 768w, https:\/\/i0.wp.com\/cdnoticias.com\/wp-content\/uploads\/2023\/02\/santilligalli2.jpg?w=1080&amp;ssl=1 1080w\" sizes=\"auto, (max-width: 800px) 100vw, 800px\" \/><\/p>\n<p>&nbsp;<\/p>\n<blockquote><p>\u201cDesde que es Diputado Nacional, Diego recorri\u00f3 miles de kil\u00f3metros, visit\u00f3 m\u00e1s de 100 municipios y se interioriz\u00f3 de todas las problem\u00e1ticas que nos atraviesan\u201d.<\/p><\/blockquote>\n<p>&nbsp;<\/p>\n<p>Asimismo, Galli expres\u00f3: <em>\u201cSantilli va a trabajar incansablemente para terminar con la inseguridad, para que la educaci\u00f3n realmente sea una prioridad, para poner de pie al sistema de salud, para cumplir con los compromisos asumidos y para no discriminar pol\u00edticamente a los municipios que no son de su espacio\u201d.<\/em><\/p>\n<p>&nbsp;<\/p>\n<blockquote><p>\u201cNecesitamos dirigentes de la talla del Colo para sacar la Provincia adelante: con eficiencia demostrada en la gesti\u00f3n y dedicaci\u00f3n, pero sobre todo con ganas de transformar un territorio que padece la desidia de la gesti\u00f3n de Kicillof\u201d, agreg\u00f3 Galli.<\/p><\/blockquote>\n<p>&nbsp;<\/p>\n<p>Finalmente, Ezequiel Galli manifest\u00f3: <em><strong>\u201clos bonaerenses merecemos vivir mejor<\/strong> y Diego Santilli es la persona indicada para dejar de vivir en la incertidumbre y planificar un futuro lleno de ilusi\u00f3n\u201d.<\/em><\/p>\n","protected":false},"excerpt":{"rendered":"<p>Se mostr\u00f3 esperanzado sobre su lanzamiento y dijo que &#8220;podr\u00e1 sacar adelante la Provincia&#8221;. Durante este mi\u00e9rcoles, mostr\u00f3 en sus<\/p>\n","protected":false},"author":2,"featured_media":77140,"comment_status":"closed","ping_status":"closed","sticky":false,"template":"","format":"standard","meta":{"_jetpack_memberships_contains_paid_content":false,"footnotes":""},"categories":[4,1],"tags":[],"class_list":["post-77139","post","type-post","status-publish","format-standard","has-post-thumbnail","hentry","category-politica","category-portada"],"jetpack_featured_media_url":"https:\/\/i0.wp.com\/cdnoticias.com\/wp-content\/uploads\/2023\/02\/santilligalli1.jpg?fit=1600%2C1069&ssl=1","jetpack_sharing_enabled":true,"_links":{"self":[{"href":"https:\/\/cdnoticias.com\/index.php\/wp-json\/wp\/v2\/posts\/77139","targetHints":{"allow":["GET"]}}],"collection":[{"href":"https:\/\/cdnoticias.com\/index.php\/wp-json\/wp\/v2\/posts"}],"about":[{"href":"https:\/\/cdnoticias.com\/index.php\/wp-json\/wp\/v2\/types\/post"}],"author":[{"embeddable":true,"href":"https:\/\/cdnoticias.com\/index.php\/wp-json\/wp\/v2\/users\/2"}],"replies":[{"embeddable":true,"href":"https:\/\/cdnoticias.com\/index.php\/wp-json\/wp\/v2\/comments?post=77139"}],"version-history":[{"count":0,"href":"https:\/\/cdnoticias.com\/index.php\/wp-json\/wp\/v2\/posts\/77139\/revisions"}],"wp:featuredmedia":[{"embeddable":true,"href":"https:\/\/cdnoticias.com\/index.php\/wp-json\/wp\/v2\/media\/77140"}],"wp:attachment":[{"href":"https:\/\/cdnoticias.com\/index.php\/wp-json\/wp\/v2\/media?parent=77139"}],"wp:term":[{"taxonomy":"category","embeddable":true,"href":"https:\/\/cdnoticias.com\/index.php\/wp-json\/wp\/v2\/categories?post=77139"},{"taxonomy":"post_tag","embeddable":true,"href":"https:\/\/cdnoticias.com\/index.php\/wp-json\/wp\/v2\/tags?post=77139"}],"curies":[{"name":"wp","href":"https:\/\/api.w.org\/{rel}","templated":true}]}}