{"id":77134,"date":"2023-02-19T12:41:28","date_gmt":"2023-02-19T15:41:28","guid":{"rendered":"https:\/\/www.centraldenoticias.com.ar\/?p=77134"},"modified":"2023-02-19T12:41:28","modified_gmt":"2023-02-19T15:41:28","slug":"nueva-edicion-de-la-feria-en-el-paseo-de-los-artesanos","status":"publish","type":"post","link":"https:\/\/cdnoticias.com\/index.php\/2023\/02\/19\/nueva-edicion-de-la-feria-en-el-paseo-de-los-artesanos\/","title":{"rendered":"Nueva edici\u00f3n de la feria en el Paseo de los Artesanos"},"content":{"rendered":"<p>Ser\u00e1 este domingo 19 de febrero en avenida Del Valle y Almirante Brown. <!--more--><\/p>\n<hr \/>\n<p>Este<strong> domingo 19 de febrero<\/strong> se realizar\u00e1 una<strong> feria de artesanos<\/strong> fiscalizados en el paseo ubicado en el Parque Mitre, espec\u00edficamente en <strong>avenida Del Valle y Almirante Brown.\u00a0<\/strong><\/p>\n<p>&nbsp;<\/p>\n<p>La <strong>actividad comenzar\u00e1 a partir de las 18:30<\/strong> y participar\u00e1n<strong> artesanos locales<\/strong> que utilizan diferentes t\u00e9cnicas tales como papel mach\u00e9, orfebrer\u00eda, tejido en telar, hilado, encuadernaci\u00f3n, cester\u00eda ecol\u00f3gica, tejido en paja vizcachera, cer\u00e1mica, vitrofusi\u00f3n, marroquiner\u00eda, madera, amigurumis, macram\u00e9, velas, pintura art\u00edstica, bordado, artesan\u00eda reciclada y resignificaci\u00f3n.<\/p>\n<p>&nbsp;<\/p>\n<p>&#8220;<em><strong>El objetivo de esta propuesta es impulsar y reconocer la actividad artesanal en el Partido de Olavarr\u00eda y, a la par, que a trav\u00e9s de este tipo de eventos se permita dar un espacio de encuentro y sociabilizaci\u00f3n, generando v\u00ednculos y colaborando a la econom\u00eda social<\/strong><\/em>&#8221; se indic\u00f3.<\/p>\n<p>&nbsp;<\/p>\n<p>Adem\u00e1s, estar\u00e1n present\u00e1ndose <strong>m\u00fasicos locales<\/strong> para complementar la propuesta cultural. En esta oportunidad estar\u00e1n el m\u00fasico<strong> Alejandro Bellendier y el grupo Caracumb\u00e9.<\/strong><\/p>\n","protected":false},"excerpt":{"rendered":"<p>Ser\u00e1 este domingo 19 de febrero en avenida Del Valle y Almirante Brown.<\/p>\n","protected":false},"author":6,"featured_media":75736,"comment_status":"closed","ping_status":"closed","sticky":false,"template":"","format":"standard","meta":{"_jetpack_memberships_contains_paid_content":false,"footnotes":""},"categories":[9,1],"tags":[],"class_list":["post-77134","post","type-post","status-publish","format-standard","has-post-thumbnail","hentry","category-cultura","category-portada"],"jetpack_featured_media_url":"https:\/\/i0.wp.com\/cdnoticias.com\/wp-content\/uploads\/2023\/01\/paseo-de-los-artesanos-3.jpg?fit=800%2C445&ssl=1","jetpack_sharing_enabled":true,"_links":{"self":[{"href":"https:\/\/cdnoticias.com\/index.php\/wp-json\/wp\/v2\/posts\/77134","targetHints":{"allow":["GET"]}}],"collection":[{"href":"https:\/\/cdnoticias.com\/index.php\/wp-json\/wp\/v2\/posts"}],"about":[{"href":"https:\/\/cdnoticias.com\/index.php\/wp-json\/wp\/v2\/types\/post"}],"author":[{"embeddable":true,"href":"https:\/\/cdnoticias.com\/index.php\/wp-json\/wp\/v2\/users\/6"}],"replies":[{"embeddable":true,"href":"https:\/\/cdnoticias.com\/index.php\/wp-json\/wp\/v2\/comments?post=77134"}],"version-history":[{"count":0,"href":"https:\/\/cdnoticias.com\/index.php\/wp-json\/wp\/v2\/posts\/77134\/revisions"}],"wp:featuredmedia":[{"embeddable":true,"href":"https:\/\/cdnoticias.com\/index.php\/wp-json\/wp\/v2\/media\/75736"}],"wp:attachment":[{"href":"https:\/\/cdnoticias.com\/index.php\/wp-json\/wp\/v2\/media?parent=77134"}],"wp:term":[{"taxonomy":"category","embeddable":true,"href":"https:\/\/cdnoticias.com\/index.php\/wp-json\/wp\/v2\/categories?post=77134"},{"taxonomy":"post_tag","embeddable":true,"href":"https:\/\/cdnoticias.com\/index.php\/wp-json\/wp\/v2\/tags?post=77134"}],"curies":[{"name":"wp","href":"https:\/\/api.w.org\/{rel}","templated":true}]}}