{"id":77128,"date":"2023-02-16T18:00:08","date_gmt":"2023-02-16T21:00:08","guid":{"rendered":"https:\/\/www.centraldenoticias.com.ar\/?p=77128"},"modified":"2023-02-16T18:00:08","modified_gmt":"2023-02-16T21:00:08","slug":"belen-vergel-visito-el-barrio-facundo-quiroga-i","status":"publish","type":"post","link":"https:\/\/cdnoticias.com\/index.php\/2023\/02\/16\/belen-vergel-visito-el-barrio-facundo-quiroga-i\/","title":{"rendered":"Bel\u00e9n Vergel visit\u00f3 el barrio Facundo Quiroga I"},"content":{"rendered":"<p>La concejal asegur\u00f3 que est\u00e1n trabajando en un proyecto para reacondicionar y mejorar los espacios verdes del sector, a ra\u00edz de la demanda de los vecinos.<!--more--><\/p>\n<hr \/>\n<p>Este martes, la concejal y presidente electa de la UCR<strong> Bel\u00e9n Vergel visit\u00f3 el barrio Facundo Quiroga I<\/strong> donde realiz\u00f3 una recorrida por diferentes lugares del sector, en el marco de diferentes <strong>demandas de los vecinos y vecinas del lugar.<\/strong><\/p>\n<p>&nbsp;<\/p>\n<p>Entre los diversos reclamos, solicitaron que se <strong>reacondicionen y mejoren los espacios verdes del \u00e1rea, se coloquen \u00e1rboles y se cambien los juegos infantiles que se encuentran en mal estado.<\/strong><\/p>\n<p>&nbsp;<\/p>\n<p><img data-recalc-dims=\"1\" loading=\"lazy\" decoding=\"async\" class=\"aligncenter wp-image-77129 size-full\" src=\"https:\/\/i0.wp.com\/cdnoticias.com\/wp-content\/uploads\/2023\/02\/FB_IMG_1676494592561.jpg?resize=720%2C720&#038;ssl=1\" alt=\"\" width=\"720\" height=\"720\" srcset=\"https:\/\/i0.wp.com\/cdnoticias.com\/wp-content\/uploads\/2023\/02\/FB_IMG_1676494592561.jpg?w=720&amp;ssl=1 720w, https:\/\/i0.wp.com\/cdnoticias.com\/wp-content\/uploads\/2023\/02\/FB_IMG_1676494592561.jpg?resize=300%2C300&amp;ssl=1 300w, https:\/\/i0.wp.com\/cdnoticias.com\/wp-content\/uploads\/2023\/02\/FB_IMG_1676494592561.jpg?resize=150%2C150&amp;ssl=1 150w\" sizes=\"auto, (max-width: 720px) 100vw, 720px\" \/><\/p>\n<p>&nbsp;<\/p>\n<p>A su vez, tambi\u00e9n pidieron la<strong> colocaci\u00f3n de garitas en las paradas de colectivos<\/strong> para que los vecinos est\u00e9n protegidos mientras aguardan la llegada del transporte.<\/p>\n<p>&nbsp;<\/p>\n<p><em>&#8220;A ra\u00edz de esto, el bloque radical se encuentra trabajando en un proyecto para presentar en el Honorable Concejo Deliberante solicitando al Ejecutivo Municipal que realice las acciones pertinentes para solucionar los problemas de las personas que viven en ese barrio de la ciudad y de esta manera brindar una respuesta eficaz a las necesidades de la comunidad<\/em>&#8221; se indic\u00f3 desde el espacio.<\/p>\n","protected":false},"excerpt":{"rendered":"<p>La concejal asegur\u00f3 que est\u00e1n trabajando en un proyecto para reacondicionar y mejorar los espacios verdes del sector, a ra\u00edz<\/p>\n","protected":false},"author":6,"featured_media":77131,"comment_status":"closed","ping_status":"closed","sticky":false,"template":"","format":"standard","meta":{"_jetpack_memberships_contains_paid_content":false,"footnotes":""},"categories":[4,1],"tags":[],"class_list":["post-77128","post","type-post","status-publish","format-standard","has-post-thumbnail","hentry","category-politica","category-portada"],"jetpack_featured_media_url":"https:\/\/i0.wp.com\/cdnoticias.com\/wp-content\/uploads\/2023\/02\/FB_IMG_1676494588871.jpg?fit=720%2C720&ssl=1","jetpack_sharing_enabled":true,"_links":{"self":[{"href":"https:\/\/cdnoticias.com\/index.php\/wp-json\/wp\/v2\/posts\/77128","targetHints":{"allow":["GET"]}}],"collection":[{"href":"https:\/\/cdnoticias.com\/index.php\/wp-json\/wp\/v2\/posts"}],"about":[{"href":"https:\/\/cdnoticias.com\/index.php\/wp-json\/wp\/v2\/types\/post"}],"author":[{"embeddable":true,"href":"https:\/\/cdnoticias.com\/index.php\/wp-json\/wp\/v2\/users\/6"}],"replies":[{"embeddable":true,"href":"https:\/\/cdnoticias.com\/index.php\/wp-json\/wp\/v2\/comments?post=77128"}],"version-history":[{"count":0,"href":"https:\/\/cdnoticias.com\/index.php\/wp-json\/wp\/v2\/posts\/77128\/revisions"}],"wp:featuredmedia":[{"embeddable":true,"href":"https:\/\/cdnoticias.com\/index.php\/wp-json\/wp\/v2\/media\/77131"}],"wp:attachment":[{"href":"https:\/\/cdnoticias.com\/index.php\/wp-json\/wp\/v2\/media?parent=77128"}],"wp:term":[{"taxonomy":"category","embeddable":true,"href":"https:\/\/cdnoticias.com\/index.php\/wp-json\/wp\/v2\/categories?post=77128"},{"taxonomy":"post_tag","embeddable":true,"href":"https:\/\/cdnoticias.com\/index.php\/wp-json\/wp\/v2\/tags?post=77128"}],"curies":[{"name":"wp","href":"https:\/\/api.w.org\/{rel}","templated":true}]}}