{"id":77118,"date":"2023-02-15T18:31:35","date_gmt":"2023-02-15T21:31:35","guid":{"rendered":"https:\/\/www.centraldenoticias.com.ar\/?p=77118"},"modified":"2023-02-15T18:32:10","modified_gmt":"2023-02-15T21:32:10","slug":"edelma-idilia-videla-viuda-de-martinez-mema-q-e-p-d","status":"publish","type":"post","link":"https:\/\/cdnoticias.com\/index.php\/2023\/02\/15\/edelma-idilia-videla-viuda-de-martinez-mema-q-e-p-d\/","title":{"rendered":"Edelma Idilia Videla viuda de Mart\u00ednez &#8220;Mema&#8221; (Q.E.P.D.)"},"content":{"rendered":"<p>Falleci\u00f3 en Olavarr\u00eda el 15 de febrero de 2023 a los 89 a\u00f1os. Sus hijos Osvaldo Roberto, Daniel H\u00e9ctor y Marcelo Fabi\u00e1n. Sus hijas pol\u00edticas Gabriela Leiva y Nilda Sosa. Sus nietos Sonia, Nicol\u00e1s y Federico y dem\u00e1s deudos participan su fallecimiento.<\/p>\n<p>&nbsp;<\/p>\n<p>Sus restos ser\u00e1n velados en la Sala de Espa\u00f1a 2942 departamento \u201cB\u201d desde las 20:00 de este mi\u00e9rcoles hasta las 00:00 y reabre a las 08:00 horas del jueves, e inhumados en el Cementerio Loma de Paz, previo responso en la Capilla Ardiente, a las 10:30 horas. Servicio adherido a Coopelectric.<\/p>\n<p>&nbsp;<\/p>\n<p>Nacida en Santa Luisa, vecina de barrio Sarmiento, jubilada y pensionada.<\/p>\n","protected":false},"excerpt":{"rendered":"<p>Falleci\u00f3 en Olavarr\u00eda el 15 de febrero de 2023 a los 89 a\u00f1os. Sus hijos Osvaldo Roberto, Daniel H\u00e9ctor y<\/p>\n","protected":false},"author":2,"featured_media":67646,"comment_status":"closed","ping_status":"closed","sticky":false,"template":"","format":"standard","meta":{"_jetpack_memberships_contains_paid_content":false,"footnotes":""},"categories":[10],"tags":[],"class_list":["post-77118","post","type-post","status-publish","format-standard","has-post-thumbnail","hentry","category-necrologicas"],"jetpack_featured_media_url":"https:\/\/i0.wp.com\/cdnoticias.com\/wp-content\/uploads\/2022\/10\/necrologicas-390-x-240.jpg?fit=390%2C240&ssl=1","jetpack_sharing_enabled":true,"_links":{"self":[{"href":"https:\/\/cdnoticias.com\/index.php\/wp-json\/wp\/v2\/posts\/77118","targetHints":{"allow":["GET"]}}],"collection":[{"href":"https:\/\/cdnoticias.com\/index.php\/wp-json\/wp\/v2\/posts"}],"about":[{"href":"https:\/\/cdnoticias.com\/index.php\/wp-json\/wp\/v2\/types\/post"}],"author":[{"embeddable":true,"href":"https:\/\/cdnoticias.com\/index.php\/wp-json\/wp\/v2\/users\/2"}],"replies":[{"embeddable":true,"href":"https:\/\/cdnoticias.com\/index.php\/wp-json\/wp\/v2\/comments?post=77118"}],"version-history":[{"count":0,"href":"https:\/\/cdnoticias.com\/index.php\/wp-json\/wp\/v2\/posts\/77118\/revisions"}],"wp:featuredmedia":[{"embeddable":true,"href":"https:\/\/cdnoticias.com\/index.php\/wp-json\/wp\/v2\/media\/67646"}],"wp:attachment":[{"href":"https:\/\/cdnoticias.com\/index.php\/wp-json\/wp\/v2\/media?parent=77118"}],"wp:term":[{"taxonomy":"category","embeddable":true,"href":"https:\/\/cdnoticias.com\/index.php\/wp-json\/wp\/v2\/categories?post=77118"},{"taxonomy":"post_tag","embeddable":true,"href":"https:\/\/cdnoticias.com\/index.php\/wp-json\/wp\/v2\/tags?post=77118"}],"curies":[{"name":"wp","href":"https:\/\/api.w.org\/{rel}","templated":true}]}}