{"id":77059,"date":"2023-02-15T16:47:09","date_gmt":"2023-02-15T19:47:09","guid":{"rendered":"https:\/\/www.centraldenoticias.com.ar\/?p=77059"},"modified":"2023-02-15T17:30:31","modified_gmt":"2023-02-15T20:30:31","slug":"desde-este-miercoles-shell-aumento-el-precio-de-sus-combustibles","status":"publish","type":"post","link":"https:\/\/cdnoticias.com\/index.php\/2023\/02\/15\/desde-este-miercoles-shell-aumento-el-precio-de-sus-combustibles\/","title":{"rendered":"Desde este mi\u00e9rcoles Shell aument\u00f3 el precio de sus combustibles"},"content":{"rendered":"<p>El incremento es de 4% y los nuevos valores de combustibles comenzaron a regir desde la medianoche. Los nuevos precios en Olavarr\u00eda.<\/p>\n<p><!--more--><\/p>\n<hr \/>\n<p><strong>Aumentaron los valores de los combustibles de Shell en un 4%<\/strong> promedio a partir de este mi\u00e9rcoles.<\/p>\n<p>&nbsp;<\/p>\n<p>El incremento forma parte de<a href=\"https:\/\/cdnoticias.com\/index.php\/2022\/11\/28\/precios-justos-los-combustibles-entraran-al-programa-por-cuatro-meses\/\" target=\"_blank\" rel=\"noopener\"> un acuerdo alcanzado junto al Gobierno nacional<\/a> y comenz\u00f3 a regir a partir de la medianoche de este mi\u00e9rcoles 15 de febrero en todas las estaciones de la marca.<\/p>\n<p>&nbsp;<\/p>\n<p><img data-recalc-dims=\"1\" loading=\"lazy\" decoding=\"async\" class=\"alignnone size-large wp-image-77086\" src=\"https:\/\/i0.wp.com\/cdnoticias.com\/wp-content\/uploads\/2023\/02\/estacion-servicio-shell2.jpg?resize=800%2C445&#038;ssl=1\" alt=\"\" width=\"800\" height=\"445\" srcset=\"https:\/\/i0.wp.com\/cdnoticias.com\/wp-content\/uploads\/2023\/02\/estacion-servicio-shell2-scaled.jpg?resize=1024%2C569&amp;ssl=1 1024w, https:\/\/i0.wp.com\/cdnoticias.com\/wp-content\/uploads\/2023\/02\/estacion-servicio-shell2-scaled.jpg?resize=300%2C167&amp;ssl=1 300w, https:\/\/i0.wp.com\/cdnoticias.com\/wp-content\/uploads\/2023\/02\/estacion-servicio-shell2-scaled.jpg?resize=768%2C427&amp;ssl=1 768w, https:\/\/i0.wp.com\/cdnoticias.com\/wp-content\/uploads\/2023\/02\/estacion-servicio-shell2-scaled.jpg?resize=1536%2C854&amp;ssl=1 1536w, https:\/\/i0.wp.com\/cdnoticias.com\/wp-content\/uploads\/2023\/02\/estacion-servicio-shell2-scaled.jpg?resize=2048%2C1139&amp;ssl=1 2048w, https:\/\/i0.wp.com\/cdnoticias.com\/wp-content\/uploads\/2023\/02\/estacion-servicio-shell2-scaled.jpg?resize=800%2C445&amp;ssl=1 800w, https:\/\/i0.wp.com\/cdnoticias.com\/wp-content\/uploads\/2023\/02\/estacion-servicio-shell2-scaled.jpg?w=1600&amp;ssl=1 1600w, https:\/\/i0.wp.com\/cdnoticias.com\/wp-content\/uploads\/2023\/02\/estacion-servicio-shell2-scaled.jpg?w=2400&amp;ssl=1 2400w\" sizes=\"auto, (max-width: 800px) 100vw, 800px\" \/><\/p>\n<p>&nbsp;<\/p>\n<p>Las diferentes empresas petroleras hab\u00edan acordado en conjunto con el Ministerio de Econom\u00eda de la Naci\u00f3n<strong> un tope para las subas de la nafta por el plazo de cuatro meses<\/strong> en noviembre del a\u00f1o pasado. Pero, un mes despu\u00e9s, durante diciembre, se concret\u00f3 el aumento del 4% y a mediados del mes de enero del 2023, se produjo una suba similar.<\/p>\n<p>&nbsp;<\/p>\n<p><strong>En Olavarr\u00eda el incremento en las estaciones Shell<\/strong> dej\u00f3 los precios por litro en:<\/p>\n<ul>\n<li>nafta s\u00faper $204,30<\/li>\n<li>nafta V-Power $252,60<\/li>\n<li>diesel $228,90<\/li>\n<li>diesel V-Power $309,50<\/li>\n<\/ul>\n<p>&nbsp;<\/p>\n<p><img data-recalc-dims=\"1\" loading=\"lazy\" decoding=\"async\" class=\"alignnone size-large wp-image-77084\" src=\"https:\/\/i0.wp.com\/cdnoticias.com\/wp-content\/uploads\/2023\/02\/estacion-servicio-shell.jpg?resize=800%2C445&#038;ssl=1\" alt=\"\" width=\"800\" height=\"445\" srcset=\"https:\/\/i0.wp.com\/cdnoticias.com\/wp-content\/uploads\/2023\/02\/estacion-servicio-shell-scaled.jpg?resize=1024%2C570&amp;ssl=1 1024w, https:\/\/i0.wp.com\/cdnoticias.com\/wp-content\/uploads\/2023\/02\/estacion-servicio-shell-scaled.jpg?resize=300%2C167&amp;ssl=1 300w, https:\/\/i0.wp.com\/cdnoticias.com\/wp-content\/uploads\/2023\/02\/estacion-servicio-shell-scaled.jpg?resize=768%2C427&amp;ssl=1 768w, https:\/\/i0.wp.com\/cdnoticias.com\/wp-content\/uploads\/2023\/02\/estacion-servicio-shell-scaled.jpg?resize=1536%2C855&amp;ssl=1 1536w, https:\/\/i0.wp.com\/cdnoticias.com\/wp-content\/uploads\/2023\/02\/estacion-servicio-shell-scaled.jpg?resize=2048%2C1140&amp;ssl=1 2048w, https:\/\/i0.wp.com\/cdnoticias.com\/wp-content\/uploads\/2023\/02\/estacion-servicio-shell-scaled.jpg?resize=800%2C445&amp;ssl=1 800w, https:\/\/i0.wp.com\/cdnoticias.com\/wp-content\/uploads\/2023\/02\/estacion-servicio-shell-scaled.jpg?w=1600&amp;ssl=1 1600w, https:\/\/i0.wp.com\/cdnoticias.com\/wp-content\/uploads\/2023\/02\/estacion-servicio-shell-scaled.jpg?w=2400&amp;ssl=1 2400w\" sizes=\"auto, (max-width: 800px) 100vw, 800px\" \/><\/p>\n<p>&nbsp;<\/p>\n<blockquote><p>La firma comunic\u00f3 que, con la actualizaci\u00f3n de los precios, busca \u201cabsorber m\u00ednimamente los incrementos de los precios de los biocombustibles, el aumento de\u00a0costos log\u00edsticos, y la variaci\u00f3n del\u00a0tipo de cambio oficial\u00a0que afecta el precio de las materias primas que utiliza para la producci\u00f3n de combustibles\u201d.<\/p><\/blockquote>\n<p>&nbsp;<\/p>\n<p>Si bien<strong> YPF y\u00a0Axion a\u00fan no aplicaron los incrementos<\/strong>, se espera que lo hagan en las pr\u00f3ximas horas.<\/p>\n<p>&nbsp;<\/p>\n<p>Seg\u00fan el acuerdo del programa Precios Justos, el incremento en los combustibles se aplica desde este mi\u00e9rcoles y <strong>tambi\u00e9n se ver\u00e1 una suba similar en el mes de marzo<\/strong> aunque, seg\u00fan lo acordado con la Secretar\u00eda de Comercio, ser\u00eda inferior a las \u00faltimas tres: de <strong>un 3,8%.<\/strong><\/p>\n<p>&nbsp;<\/p>\n","protected":false},"excerpt":{"rendered":"<p>El incremento es de 4% y los nuevos valores de combustibles comenzaron a regir desde la medianoche. Los nuevos precios<\/p>\n","protected":false},"author":4,"featured_media":77085,"comment_status":"closed","ping_status":"closed","sticky":false,"template":"","format":"standard","meta":{"_jetpack_memberships_contains_paid_content":false,"footnotes":""},"categories":[5,1],"tags":[],"class_list":["post-77059","post","type-post","status-publish","format-standard","has-post-thumbnail","hentry","category-informacion-general","category-portada"],"jetpack_featured_media_url":"https:\/\/i0.wp.com\/cdnoticias.com\/wp-content\/uploads\/2023\/02\/estacion-servicio-shell1-scaled.jpg?fit=2560%2C1424&ssl=1","jetpack_sharing_enabled":true,"_links":{"self":[{"href":"https:\/\/cdnoticias.com\/index.php\/wp-json\/wp\/v2\/posts\/77059","targetHints":{"allow":["GET"]}}],"collection":[{"href":"https:\/\/cdnoticias.com\/index.php\/wp-json\/wp\/v2\/posts"}],"about":[{"href":"https:\/\/cdnoticias.com\/index.php\/wp-json\/wp\/v2\/types\/post"}],"author":[{"embeddable":true,"href":"https:\/\/cdnoticias.com\/index.php\/wp-json\/wp\/v2\/users\/4"}],"replies":[{"embeddable":true,"href":"https:\/\/cdnoticias.com\/index.php\/wp-json\/wp\/v2\/comments?post=77059"}],"version-history":[{"count":0,"href":"https:\/\/cdnoticias.com\/index.php\/wp-json\/wp\/v2\/posts\/77059\/revisions"}],"wp:featuredmedia":[{"embeddable":true,"href":"https:\/\/cdnoticias.com\/index.php\/wp-json\/wp\/v2\/media\/77085"}],"wp:attachment":[{"href":"https:\/\/cdnoticias.com\/index.php\/wp-json\/wp\/v2\/media?parent=77059"}],"wp:term":[{"taxonomy":"category","embeddable":true,"href":"https:\/\/cdnoticias.com\/index.php\/wp-json\/wp\/v2\/categories?post=77059"},{"taxonomy":"post_tag","embeddable":true,"href":"https:\/\/cdnoticias.com\/index.php\/wp-json\/wp\/v2\/tags?post=77059"}],"curies":[{"name":"wp","href":"https:\/\/api.w.org\/{rel}","templated":true}]}}