{"id":77051,"date":"2023-02-15T11:13:42","date_gmt":"2023-02-15T14:13:42","guid":{"rendered":"https:\/\/www.centraldenoticias.com.ar\/?p=77051"},"modified":"2023-02-15T15:33:25","modified_gmt":"2023-02-15T18:33:25","slug":"este-jueves-se-entregaran-6-viviendas-del-educadores","status":"publish","type":"post","link":"https:\/\/cdnoticias.com\/index.php\/2023\/02\/15\/este-jueves-se-entregaran-6-viviendas-del-educadores\/","title":{"rendered":"Este jueves se entregar\u00e1n 6 viviendas del Educadores"},"content":{"rendered":"<p>Ser\u00e1 por la ma\u00f1ana en un acto que contar\u00e1 con la presencia de autoridades provinciales. Las casas corresponden a la \u00faltima etapa de construcci\u00f3n del barrio. <!--more--><\/p>\n<hr \/>\n<p><strong>Este jueves 16 de febrero se realizar\u00e1 el acto de entrega de 6 viviendas del barrio Educadores.<\/strong> Seg\u00fan confirmaron a <em>Central de Noticias<\/em>, el acto se realizar\u00e1 durante la ma\u00f1ana y contar\u00e1 con la presencia de autoridades provinciales.<\/p>\n<p>&nbsp;<\/p>\n<p>Las casas corresponden a la <strong>\u00faltima etapa del complejo habitacional<\/strong> ubicado en la zona suroeste de la ciudad. Luego de esta entrega, ser\u00e1n 15 las unidades que esperan su culminaci\u00f3n.<\/p>\n<p>&nbsp;<\/p>\n<blockquote><p>Este jueves se entregar\u00e1n 6 unidades de las 21 que est\u00e1n incluidas en esta etapa, la \u00faltima desde el inicio de la construcci\u00f3n en los primeros a\u00f1os de la d\u00e9cada del 2000.<\/p><\/blockquote>\n<p>&nbsp;<\/p>\n<p>En octubre de 2022, los arquitectos Rub\u00e9n Placenti y N\u00e9stor Martorano, mostraron a <strong>Central de Noticias<\/strong> las tareas realizadas en el <a href=\"https:\/\/cdnoticias.com\/index.php\/2022\/10\/09\/barrio-educadores-el-tramo-final-de-la-obra-a-20-anos-de-su-inicio\/\" target=\"_blank\" rel=\"noopener\">tramo final del proyecto.<\/a> En ese entonces, ya se hab\u00edan levantado 15 casas con diferentes grados de avance.<\/p>\n<p>&nbsp;<\/p>\n<p>En ese contexto, indicaron que <strong>la modalidad de entrega ser\u00eda de forma parcial<\/strong> hasta completar la totalidad durante este 2023.<\/p>\n<p>&nbsp;<\/p>\n<blockquote class=\"wp-embedded-content\" data-secret=\"CQzJ6ITyH5\"><p><a href=\"https:\/\/cdnoticias.com\/index.php\/2022\/10\/09\/placenti-y-martorano-los-que-proyectaron-el-sueno-del-barrio-educadores\/\">Placenti y Martorano, los que proyectaron el sue\u00f1o del barrio Educadores<\/a><\/p><\/blockquote>\n<p><iframe loading=\"lazy\" class=\"wp-embedded-content\" sandbox=\"allow-scripts\" security=\"restricted\" style=\"position: absolute; clip: rect(1px, 1px, 1px, 1px);\" title=\"&#8220;Placenti y Martorano, los que proyectaron el sue\u00f1o del barrio Educadores&#8221; &#8212; Central de Noticias | Olavarr\u00eda\" src=\"https:\/\/cdnoticias.com\/index.php\/2022\/10\/09\/placenti-y-martorano-los-que-proyectaron-el-sueno-del-barrio-educadores\/embed\/#?secret=WadHxF5vb9#?secret=CQzJ6ITyH5\" data-secret=\"CQzJ6ITyH5\" width=\"600\" height=\"338\" frameborder=\"0\" marginwidth=\"0\" marginheight=\"0\" scrolling=\"no\"><\/iframe><\/p>\n","protected":false},"excerpt":{"rendered":"<p>Ser\u00e1 por la ma\u00f1ana en un acto que contar\u00e1 con la presencia de autoridades provinciales. Las casas corresponden a la<\/p>\n","protected":false},"author":5,"featured_media":66578,"comment_status":"closed","ping_status":"closed","sticky":false,"template":"","format":"standard","meta":{"_jetpack_memberships_contains_paid_content":false,"footnotes":""},"categories":[5,1],"tags":[],"class_list":["post-77051","post","type-post","status-publish","format-standard","has-post-thumbnail","hentry","category-informacion-general","category-portada"],"jetpack_featured_media_url":"https:\/\/i0.wp.com\/cdnoticias.com\/wp-content\/uploads\/2022\/10\/barrio-educadores-0.jpg?fit=800%2C445&ssl=1","jetpack_sharing_enabled":true,"_links":{"self":[{"href":"https:\/\/cdnoticias.com\/index.php\/wp-json\/wp\/v2\/posts\/77051","targetHints":{"allow":["GET"]}}],"collection":[{"href":"https:\/\/cdnoticias.com\/index.php\/wp-json\/wp\/v2\/posts"}],"about":[{"href":"https:\/\/cdnoticias.com\/index.php\/wp-json\/wp\/v2\/types\/post"}],"author":[{"embeddable":true,"href":"https:\/\/cdnoticias.com\/index.php\/wp-json\/wp\/v2\/users\/5"}],"replies":[{"embeddable":true,"href":"https:\/\/cdnoticias.com\/index.php\/wp-json\/wp\/v2\/comments?post=77051"}],"version-history":[{"count":0,"href":"https:\/\/cdnoticias.com\/index.php\/wp-json\/wp\/v2\/posts\/77051\/revisions"}],"wp:featuredmedia":[{"embeddable":true,"href":"https:\/\/cdnoticias.com\/index.php\/wp-json\/wp\/v2\/media\/66578"}],"wp:attachment":[{"href":"https:\/\/cdnoticias.com\/index.php\/wp-json\/wp\/v2\/media?parent=77051"}],"wp:term":[{"taxonomy":"category","embeddable":true,"href":"https:\/\/cdnoticias.com\/index.php\/wp-json\/wp\/v2\/categories?post=77051"},{"taxonomy":"post_tag","embeddable":true,"href":"https:\/\/cdnoticias.com\/index.php\/wp-json\/wp\/v2\/tags?post=77051"}],"curies":[{"name":"wp","href":"https:\/\/api.w.org\/{rel}","templated":true}]}}