{"id":77020,"date":"2023-02-15T07:54:11","date_gmt":"2023-02-15T10:54:11","guid":{"rendered":"https:\/\/www.centraldenoticias.com.ar\/?p=77020"},"modified":"2023-02-15T07:54:11","modified_gmt":"2023-02-15T10:54:11","slug":"carmen-haydee-piovano-viuda-de-mendia-q-e-p-d","status":"publish","type":"post","link":"https:\/\/cdnoticias.com\/index.php\/2023\/02\/15\/carmen-haydee-piovano-viuda-de-mendia-q-e-p-d\/","title":{"rendered":"Carmen Haydee Piovano viuda de Mend\u00eda (Q.E.P.D.)"},"content":{"rendered":"<p>Falleci\u00f3 en Olavarr\u00eda el 14 de febrero de 2023 a los 87 a\u00f1os de edad. Sus hijos Miriam Haydee, Silvia Elizabeth y Cesar Omar Mend\u00eda. Sus hijos pol\u00edticos Horacio Oscar Dur\u00e1n, Daniel Magnone y Alicia Mart\u00ednez. Sus nietos Estefan\u00eda Soledad y Mauricio Oscar Dur\u00e1n; Catalina Morena Mend\u00eda y Lucas Magnone. Sus nietos pol\u00edticos y dem\u00e1s deudos participan su fallecimiento.<\/p>\n<p>&nbsp;<\/p>\n<p>Sus restos no ser\u00e1n velados y ser\u00e1n inhumados en el cementerio Loma de Paz, este mi\u00e9rcoles 15 de febrero a las 9:30. Servicio adherido a Coopelectric. Vecina de barrio Independencia. Nacida en Roque P\u00e9rez. Jubilada y pensionada.<\/p>\n","protected":false},"excerpt":{"rendered":"<p>Falleci\u00f3 en Olavarr\u00eda el 14 de febrero de 2023 a los 87 a\u00f1os de edad. Sus hijos Miriam Haydee, Silvia<\/p>\n","protected":false},"author":5,"featured_media":67646,"comment_status":"closed","ping_status":"closed","sticky":false,"template":"","format":"standard","meta":{"_jetpack_memberships_contains_paid_content":false,"footnotes":""},"categories":[10],"tags":[],"class_list":["post-77020","post","type-post","status-publish","format-standard","has-post-thumbnail","hentry","category-necrologicas"],"jetpack_featured_media_url":"https:\/\/i0.wp.com\/cdnoticias.com\/wp-content\/uploads\/2022\/10\/necrologicas-390-x-240.jpg?fit=390%2C240&ssl=1","jetpack_sharing_enabled":true,"_links":{"self":[{"href":"https:\/\/cdnoticias.com\/index.php\/wp-json\/wp\/v2\/posts\/77020","targetHints":{"allow":["GET"]}}],"collection":[{"href":"https:\/\/cdnoticias.com\/index.php\/wp-json\/wp\/v2\/posts"}],"about":[{"href":"https:\/\/cdnoticias.com\/index.php\/wp-json\/wp\/v2\/types\/post"}],"author":[{"embeddable":true,"href":"https:\/\/cdnoticias.com\/index.php\/wp-json\/wp\/v2\/users\/5"}],"replies":[{"embeddable":true,"href":"https:\/\/cdnoticias.com\/index.php\/wp-json\/wp\/v2\/comments?post=77020"}],"version-history":[{"count":0,"href":"https:\/\/cdnoticias.com\/index.php\/wp-json\/wp\/v2\/posts\/77020\/revisions"}],"wp:featuredmedia":[{"embeddable":true,"href":"https:\/\/cdnoticias.com\/index.php\/wp-json\/wp\/v2\/media\/67646"}],"wp:attachment":[{"href":"https:\/\/cdnoticias.com\/index.php\/wp-json\/wp\/v2\/media?parent=77020"}],"wp:term":[{"taxonomy":"category","embeddable":true,"href":"https:\/\/cdnoticias.com\/index.php\/wp-json\/wp\/v2\/categories?post=77020"},{"taxonomy":"post_tag","embeddable":true,"href":"https:\/\/cdnoticias.com\/index.php\/wp-json\/wp\/v2\/tags?post=77020"}],"curies":[{"name":"wp","href":"https:\/\/api.w.org\/{rel}","templated":true}]}}