{"id":76991,"date":"2023-02-16T17:00:06","date_gmt":"2023-02-16T20:00:06","guid":{"rendered":"https:\/\/www.centraldenoticias.com.ar\/?p=76991"},"modified":"2023-02-16T17:00:06","modified_gmt":"2023-02-16T20:00:06","slug":"fines-2023-comenzo-la-inscripcion-al-primer-cuatrimestre","status":"publish","type":"post","link":"https:\/\/cdnoticias.com\/index.php\/2023\/02\/16\/fines-2023-comenzo-la-inscripcion-al-primer-cuatrimestre\/","title":{"rendered":"FinEs 2023: Comenz\u00f3 la inscripci\u00f3n al primer cuatrimestre"},"content":{"rendered":"<p>La inscripci\u00f3n ser\u00e1 hasta el 28 de febrero. En marzo comenzar\u00e1n las clases presenciales.<br \/>\n<!--more--><\/p>\n<hr \/>\n<p><strong>Fines 2023 abri\u00f3 la inscripci\u00f3n al primer cuatrimestre<\/strong> hasta el<strong> 28 del corriente mes<\/strong> en la modalidad\u00a0Trayecto Secundario, cuyo inicio de <strong>clases presenciales est\u00e1 pautado para la primera semana de marzo.<\/strong><\/p>\n<p>&nbsp;<\/p>\n<p>Por consultas podr\u00e1n dirigirse a la <strong>oficina ubicada en la EES N\u00b08<\/strong> (ex Comercio, acceso por Lavalle, primer piso) los d\u00edas <strong>lunes y mi\u00e9rcoles de 18:00 a 21:00.<\/strong> All\u00ed deber\u00e1n presentar en folio A4 fotocopia de partida de nacimiento, fotocopia de DNI y certificaci\u00f3n de estudios previos o fotocopia de anal\u00edtico parcial.<\/p>\n<p>&nbsp;<\/p>\n<p>Es importante destacar que se deber\u00e1<strong> presentar indefectiblemente toda la documentaci\u00f3n obligatoria<\/strong>. De esa manera el o la estudiante tendr\u00e1 un ingreso definitivo al a\u00f1o y comisi\u00f3n correspondiente y un legajo personalizado que acompa\u00f1ar\u00e1 su recorrido educativo.<\/p>\n<p>&nbsp;<\/p>\n<p><img data-recalc-dims=\"1\" loading=\"lazy\" decoding=\"async\" class=\"aligncenter wp-image-76992 size-full\" src=\"https:\/\/i0.wp.com\/cdnoticias.com\/wp-content\/uploads\/2023\/02\/WhatsApp-Image-2023-02-14-at-12.13.20.jpeg?resize=800%2C600&#038;ssl=1\" alt=\"\" width=\"800\" height=\"600\" srcset=\"https:\/\/i0.wp.com\/cdnoticias.com\/wp-content\/uploads\/2023\/02\/WhatsApp-Image-2023-02-14-at-12.13.20.jpeg?w=1600&amp;ssl=1 1600w, https:\/\/i0.wp.com\/cdnoticias.com\/wp-content\/uploads\/2023\/02\/WhatsApp-Image-2023-02-14-at-12.13.20.jpeg?resize=300%2C225&amp;ssl=1 300w, https:\/\/i0.wp.com\/cdnoticias.com\/wp-content\/uploads\/2023\/02\/WhatsApp-Image-2023-02-14-at-12.13.20.jpeg?resize=1024%2C768&amp;ssl=1 1024w, https:\/\/i0.wp.com\/cdnoticias.com\/wp-content\/uploads\/2023\/02\/WhatsApp-Image-2023-02-14-at-12.13.20.jpeg?resize=768%2C576&amp;ssl=1 768w, https:\/\/i0.wp.com\/cdnoticias.com\/wp-content\/uploads\/2023\/02\/WhatsApp-Image-2023-02-14-at-12.13.20.jpeg?resize=1536%2C1152&amp;ssl=1 1536w\" sizes=\"auto, (max-width: 800px) 100vw, 800px\" \/><\/p>\n<p>&nbsp;<\/p>\n<p>Adem\u00e1s, se invita a egresados y egresadas a concurrir a la oficina con el DNI a <strong>retirar su t\u00edtulo de bachiller com\u00fan,<\/strong> tanto de orientaci\u00f3n en Gesti\u00f3n y Administraci\u00f3n como en Ciencias Sociales.<\/p>\n<p>&nbsp;<\/p>\n<p>El programa FinEs dependiente del Gobierno Provincial <strong>posibilita a mayores de 18 a\u00f1os a finalizar sus estudios secundarios o rendir materias adeudadas<\/strong> de otras instituciones en forma semipresencial, en la sede m\u00e1s cercana a su domicilio y en horarios pre acordados.<\/p>\n<p>&nbsp;<\/p>\n<p>Adem\u00e1s, FinEs posee la compatibilidad de inscripci\u00f3n con las <strong>Becas Progresar que coordina Anses<\/strong>, de tal forma que se pueda acceder al cobro de una ayuda econ\u00f3mica mientras se lleva adelante la cursada.<\/p>\n<p>&nbsp;<\/p>\n<p>Por \u00faltimo, se indic\u00f3 que quienes est\u00e9n interesados en anotarse podr\u00e1n hacerlo en:<\/p>\n<p>&nbsp;<\/p>\n<p>&#8211; Estaci\u00f3n El Provincial, Belgrano y Jun\u00edn &#8211; Martes 14 de febrero a las 17:00.<\/p>\n<p>&#8211; Sierra Chica EP 2 &#8211; avenida Legorburu 1623, Martes 14 de febrero de 18:00 a 20:00.<\/p>\n<p>&#8211; Hinojo Secundaria 4 -avenida 14 y calle 5,\u00a0 Martes 14, mi\u00e9rcoles 15 y jueves 16 de febrero de 19:00 a 21:00.<\/p>\n<p>&#8211; Club La Amistad &#8211; Dorrego 4539, mi\u00e9rcoles 15 de febrero a las 17:00.<\/p>\n<p>&#8211; Sociedad de Fomento Villa Aurora &#8211; Los Gladiolos 2285, jueves 16 de febrero a las 18:00.<\/p>\n<p>&#8211; Barrio Facundo Quiroga I &#8211; Bs As y Daireaux, viernes 17 de febrero a las 18:00.<\/p>\n","protected":false},"excerpt":{"rendered":"<p>La inscripci\u00f3n ser\u00e1 hasta el 28 de febrero. En marzo comenzar\u00e1n las clases presenciales.<\/p>\n","protected":false},"author":6,"featured_media":76993,"comment_status":"closed","ping_status":"closed","sticky":false,"template":"","format":"standard","meta":{"_jetpack_memberships_contains_paid_content":false,"footnotes":""},"categories":[5,1],"tags":[],"class_list":["post-76991","post","type-post","status-publish","format-standard","has-post-thumbnail","hentry","category-informacion-general","category-portada"],"jetpack_featured_media_url":"https:\/\/i0.wp.com\/cdnoticias.com\/wp-content\/uploads\/2023\/02\/WhatsApp-Image-2023-02-14-at-12.13.18.jpeg?fit=1600%2C1200&ssl=1","jetpack_sharing_enabled":true,"_links":{"self":[{"href":"https:\/\/cdnoticias.com\/index.php\/wp-json\/wp\/v2\/posts\/76991","targetHints":{"allow":["GET"]}}],"collection":[{"href":"https:\/\/cdnoticias.com\/index.php\/wp-json\/wp\/v2\/posts"}],"about":[{"href":"https:\/\/cdnoticias.com\/index.php\/wp-json\/wp\/v2\/types\/post"}],"author":[{"embeddable":true,"href":"https:\/\/cdnoticias.com\/index.php\/wp-json\/wp\/v2\/users\/6"}],"replies":[{"embeddable":true,"href":"https:\/\/cdnoticias.com\/index.php\/wp-json\/wp\/v2\/comments?post=76991"}],"version-history":[{"count":0,"href":"https:\/\/cdnoticias.com\/index.php\/wp-json\/wp\/v2\/posts\/76991\/revisions"}],"wp:featuredmedia":[{"embeddable":true,"href":"https:\/\/cdnoticias.com\/index.php\/wp-json\/wp\/v2\/media\/76993"}],"wp:attachment":[{"href":"https:\/\/cdnoticias.com\/index.php\/wp-json\/wp\/v2\/media?parent=76991"}],"wp:term":[{"taxonomy":"category","embeddable":true,"href":"https:\/\/cdnoticias.com\/index.php\/wp-json\/wp\/v2\/categories?post=76991"},{"taxonomy":"post_tag","embeddable":true,"href":"https:\/\/cdnoticias.com\/index.php\/wp-json\/wp\/v2\/tags?post=76991"}],"curies":[{"name":"wp","href":"https:\/\/api.w.org\/{rel}","templated":true}]}}