{"id":76971,"date":"2023-02-14T18:31:20","date_gmt":"2023-02-14T21:31:20","guid":{"rendered":"https:\/\/www.centraldenoticias.com.ar\/?p=76971"},"modified":"2023-02-14T22:31:35","modified_gmt":"2023-02-15T01:31:35","slug":"ana-malajovich-para-nosotros-es-muy-importante-la-educacion-rural","status":"publish","type":"post","link":"https:\/\/cdnoticias.com\/index.php\/2023\/02\/14\/ana-malajovich-para-nosotros-es-muy-importante-la-educacion-rural\/","title":{"rendered":"Ana Malajovich: \u201cPara nosotros es muy importante la educaci\u00f3n rural\u201d"},"content":{"rendered":"<p>La directora de Gesti\u00f3n Curricular provincial de Educaci\u00f3n Inicial estuvo en Olavarr\u00eda en el Primer Encuentro de Docentes Rurales. Participaron asistentes de 11 distritos del centro bonaerense.<!--more--><\/p>\n<hr \/>\n<p>Olavarr\u00eda fue este martes una de las sedes del <strong>Primer Encuentro de Docentes Rurales de Nivel Inicial de la Provincia de Buenos Aires<\/strong>. Asistieron <strong>docentes de 11 distritos<\/strong> y entre las autoridades presentes se cont\u00f3 a la <strong>directora de Gesti\u00f3n Curricular provincial de Educaci\u00f3n Inicial, Ana Malajovich<\/strong>, quien habl\u00f3 con <strong>Central de Noticias<\/strong> para explicar la importancia de la actividad.<\/p>\n<p>&nbsp;<\/p>\n<p>Tuvo lugar en la sede del Club Mariano Moreno desde las 8:30 y hasta las 17 a donde fueron convocados los <strong>docentes de los JIRIMM (Jardines de Matr\u00edcula M\u00ednima) de las Regiones Educativas 17, 21, 23, 24 y 25<\/strong>. En paralelo se desarroll\u00f3 otro encuentro similar en la ciudad de San Fernando, y habr\u00e1 seis encuentros m\u00e1s en Jun\u00edn, Luj\u00e1n, Trenque Lauquen, Bah\u00eda Blanca, Dolores y Lober\u00eda a realizarse en el transcurso de esta semana y la pr\u00f3xima.<\/p>\n<p>&nbsp;<\/p>\n<p><img data-recalc-dims=\"1\" loading=\"lazy\" decoding=\"async\" class=\"size-large wp-image-76960 aligncenter\" src=\"https:\/\/i0.wp.com\/cdnoticias.com\/wp-content\/uploads\/2023\/02\/docentes-rurales-encuentro-01.jpg?resize=800%2C445&#038;ssl=1\" alt=\"\" width=\"800\" height=\"445\" srcset=\"https:\/\/i0.wp.com\/cdnoticias.com\/wp-content\/uploads\/2023\/02\/docentes-rurales-encuentro-01-scaled.jpg?resize=1024%2C570&amp;ssl=1 1024w, https:\/\/i0.wp.com\/cdnoticias.com\/wp-content\/uploads\/2023\/02\/docentes-rurales-encuentro-01-scaled.jpg?resize=300%2C167&amp;ssl=1 300w, https:\/\/i0.wp.com\/cdnoticias.com\/wp-content\/uploads\/2023\/02\/docentes-rurales-encuentro-01-scaled.jpg?resize=768%2C427&amp;ssl=1 768w, https:\/\/i0.wp.com\/cdnoticias.com\/wp-content\/uploads\/2023\/02\/docentes-rurales-encuentro-01-scaled.jpg?resize=1536%2C854&amp;ssl=1 1536w, https:\/\/i0.wp.com\/cdnoticias.com\/wp-content\/uploads\/2023\/02\/docentes-rurales-encuentro-01-scaled.jpg?resize=2048%2C1139&amp;ssl=1 2048w, https:\/\/i0.wp.com\/cdnoticias.com\/wp-content\/uploads\/2023\/02\/docentes-rurales-encuentro-01-scaled.jpg?resize=800%2C445&amp;ssl=1 800w, https:\/\/i0.wp.com\/cdnoticias.com\/wp-content\/uploads\/2023\/02\/docentes-rurales-encuentro-01-scaled.jpg?w=1600&amp;ssl=1 1600w, https:\/\/i0.wp.com\/cdnoticias.com\/wp-content\/uploads\/2023\/02\/docentes-rurales-encuentro-01-scaled.jpg?w=2400&amp;ssl=1 2400w\" sizes=\"auto, (max-width: 800px) 100vw, 800px\" \/><\/p>\n<p>&nbsp;<\/p>\n<p>\u201cEste es un encuentro de maestros de jardines rurales, lo que llamamos JIRIMM, de la zona rural y de islas. Por ejemplo, en San Fernando est\u00e1n participando maestras de islas y de jardines rurales que tienen un solo maestro con grupo a cargo\u201d explic\u00f3 Malajovich sobre la convocatoria de la Direcci\u00f3n de Escuelas.<\/p>\n<p>&nbsp;<\/p>\n<p>Asistieron representantes de los distritos de <strong>Rauch, Laprida, Benito Ju\u00e1rez, La Madrid, Alvear, Las Flores, Saladillo, Bol\u00edvar, Azul, Olavarr\u00eda y Tapalqu\u00e9<\/strong>.<\/p>\n<p>&nbsp;<\/p>\n<p><img data-recalc-dims=\"1\" loading=\"lazy\" decoding=\"async\" class=\"size-large wp-image-76962 aligncenter\" src=\"https:\/\/i0.wp.com\/cdnoticias.com\/wp-content\/uploads\/2023\/02\/malajovich-ana-01.jpg?resize=800%2C445&#038;ssl=1\" alt=\"\" width=\"800\" height=\"445\" srcset=\"https:\/\/i0.wp.com\/cdnoticias.com\/wp-content\/uploads\/2023\/02\/malajovich-ana-01-scaled.jpg?resize=1024%2C570&amp;ssl=1 1024w, https:\/\/i0.wp.com\/cdnoticias.com\/wp-content\/uploads\/2023\/02\/malajovich-ana-01-scaled.jpg?resize=300%2C167&amp;ssl=1 300w, https:\/\/i0.wp.com\/cdnoticias.com\/wp-content\/uploads\/2023\/02\/malajovich-ana-01-scaled.jpg?resize=768%2C427&amp;ssl=1 768w, https:\/\/i0.wp.com\/cdnoticias.com\/wp-content\/uploads\/2023\/02\/malajovich-ana-01-scaled.jpg?resize=1536%2C855&amp;ssl=1 1536w, https:\/\/i0.wp.com\/cdnoticias.com\/wp-content\/uploads\/2023\/02\/malajovich-ana-01-scaled.jpg?resize=2048%2C1140&amp;ssl=1 2048w, https:\/\/i0.wp.com\/cdnoticias.com\/wp-content\/uploads\/2023\/02\/malajovich-ana-01-scaled.jpg?resize=800%2C445&amp;ssl=1 800w, https:\/\/i0.wp.com\/cdnoticias.com\/wp-content\/uploads\/2023\/02\/malajovich-ana-01-scaled.jpg?w=1600&amp;ssl=1 1600w, https:\/\/i0.wp.com\/cdnoticias.com\/wp-content\/uploads\/2023\/02\/malajovich-ana-01-scaled.jpg?w=2400&amp;ssl=1 2400w\" sizes=\"auto, (max-width: 800px) 100vw, 800px\" \/><\/p>\n<p>&nbsp;<\/p>\n<p>Respecto al objetivo se\u00f1al\u00f3 que \u201cla idea fundamental es <strong>que podamos conversar acerca de cu\u00e1les son las nuevas propuestas del dise\u00f1o curricular y c\u00f3mo llevarlas a cabo\u201d<\/strong>.<\/p>\n<p>&nbsp;<\/p>\n<blockquote><p>En ese sentido, la funcionaria provincial apunt\u00f3 a que \u201cpara nosotros es muy importante la educaci\u00f3n rural. La cantidad de alumnos no es tanta, son muchos servicios y adem\u00e1s es acercar un derecho fundamental de todas las infancias que es tener una escuela cerca de donde viven. Por eso es muy importante la educaci\u00f3n rural que fue toda una conquista. Al principio la escuela que estaba en el campo era la primaria, no el jard\u00edn ni la secundaria, eso fueron avances que se dieron a fin del siglo pasado\u201d.<\/p><\/blockquote>\n<p>&nbsp;<\/p>\n<p><span style=\"text-decoration: underline;\"><strong>Nuevo dise\u00f1o curricular<\/strong><\/span><\/p>\n<p>&nbsp;<\/p>\n<p>Ana Malajovich coment\u00f3 que \u201cestos encuentros tienen dos aspectos que para nosotros son importantes. Que la gente pueda <strong>compartir experiencias, historias, trayectorias<\/strong> y por otro lado, en este momento particular que <strong>tenemos un nuevo dise\u00f1o curricular, pensar c\u00f3mo se lleva a la pr\u00e1ctica\u201d<\/strong>.<\/p>\n<p>&nbsp;<\/p>\n<p><img data-recalc-dims=\"1\" loading=\"lazy\" decoding=\"async\" class=\"size-large wp-image-76961 aligncenter\" src=\"https:\/\/i0.wp.com\/cdnoticias.com\/wp-content\/uploads\/2023\/02\/docentes-rurales-encuentro-02.jpg?resize=800%2C445&#038;ssl=1\" alt=\"\" width=\"800\" height=\"445\" srcset=\"https:\/\/i0.wp.com\/cdnoticias.com\/wp-content\/uploads\/2023\/02\/docentes-rurales-encuentro-02-scaled.jpg?resize=1024%2C570&amp;ssl=1 1024w, https:\/\/i0.wp.com\/cdnoticias.com\/wp-content\/uploads\/2023\/02\/docentes-rurales-encuentro-02-scaled.jpg?resize=300%2C167&amp;ssl=1 300w, https:\/\/i0.wp.com\/cdnoticias.com\/wp-content\/uploads\/2023\/02\/docentes-rurales-encuentro-02-scaled.jpg?resize=768%2C427&amp;ssl=1 768w, https:\/\/i0.wp.com\/cdnoticias.com\/wp-content\/uploads\/2023\/02\/docentes-rurales-encuentro-02-scaled.jpg?resize=1536%2C855&amp;ssl=1 1536w, https:\/\/i0.wp.com\/cdnoticias.com\/wp-content\/uploads\/2023\/02\/docentes-rurales-encuentro-02-scaled.jpg?resize=2048%2C1140&amp;ssl=1 2048w, https:\/\/i0.wp.com\/cdnoticias.com\/wp-content\/uploads\/2023\/02\/docentes-rurales-encuentro-02-scaled.jpg?resize=800%2C445&amp;ssl=1 800w, https:\/\/i0.wp.com\/cdnoticias.com\/wp-content\/uploads\/2023\/02\/docentes-rurales-encuentro-02-scaled.jpg?w=1600&amp;ssl=1 1600w, https:\/\/i0.wp.com\/cdnoticias.com\/wp-content\/uploads\/2023\/02\/docentes-rurales-encuentro-02-scaled.jpg?w=2400&amp;ssl=1 2400w\" sizes=\"auto, (max-width: 800px) 100vw, 800px\" \/><\/p>\n<p>&nbsp;<\/p>\n<p>El nuevo dise\u00f1o curricular se desarroll\u00f3 con la <strong>participaci\u00f3n de 50 mil docentes<\/strong> en las consultas y discusiones de documentos.<\/p>\n<p>&nbsp;<\/p>\n<p>Explic\u00f3 que \u201cel <strong>dise\u00f1o<\/strong> lo que plantea es c\u00f3mo se organiza la tarea, cu\u00e1les son los campos de conocimiento, de esos campos cu\u00e1les son los prop\u00f3sitos que tienen, cu\u00e1les son los contenidos de ense\u00f1anza, y c\u00f3mo se organiza la ense\u00f1anza para que esos contenidos efectivamente sea posible que los chicos los aprendan\u201d.<\/p>\n<p>&nbsp;<\/p>\n<blockquote><p>Respecto de los cambios implementados, la directora provincial destac\u00f3 que \u201cel primer cambio fundamental tiene que ver con un marco pol\u00edtico pedag\u00f3gico que marca cu\u00e1l es la concepci\u00f3n en relaci\u00f3n al Nivel Inicial, en relaci\u00f3n a las infancias, cu\u00e1l es la propuesta educativa para las infancias\u201d. A ello a\u00f1adi\u00f3 que otra modificaci\u00f3n fue \u201ccu\u00e1les son las perspectivas que tiene atravesar la educaci\u00f3n para las infancias, que son las que nos marca la legislaci\u00f3n: educaci\u00f3n sexual integral, educaci\u00f3n ambiental integral, inclusi\u00f3n educativa y educaci\u00f3n intercultural. Son perspectivas que tienen que atravesar la ense\u00f1anza de todos los campos de conocimiento\u201d.<\/p><\/blockquote>\n<p>&nbsp;<\/p>\n<p><img data-recalc-dims=\"1\" loading=\"lazy\" decoding=\"async\" class=\"size-large wp-image-76963 aligncenter\" src=\"https:\/\/i0.wp.com\/cdnoticias.com\/wp-content\/uploads\/2023\/02\/malajovich-ana-02.jpg?resize=800%2C445&#038;ssl=1\" alt=\"\" width=\"800\" height=\"445\" srcset=\"https:\/\/i0.wp.com\/cdnoticias.com\/wp-content\/uploads\/2023\/02\/malajovich-ana-02-scaled.jpg?resize=1024%2C570&amp;ssl=1 1024w, https:\/\/i0.wp.com\/cdnoticias.com\/wp-content\/uploads\/2023\/02\/malajovich-ana-02-scaled.jpg?resize=300%2C167&amp;ssl=1 300w, https:\/\/i0.wp.com\/cdnoticias.com\/wp-content\/uploads\/2023\/02\/malajovich-ana-02-scaled.jpg?resize=768%2C427&amp;ssl=1 768w, https:\/\/i0.wp.com\/cdnoticias.com\/wp-content\/uploads\/2023\/02\/malajovich-ana-02-scaled.jpg?resize=1536%2C855&amp;ssl=1 1536w, https:\/\/i0.wp.com\/cdnoticias.com\/wp-content\/uploads\/2023\/02\/malajovich-ana-02-scaled.jpg?resize=2048%2C1140&amp;ssl=1 2048w, https:\/\/i0.wp.com\/cdnoticias.com\/wp-content\/uploads\/2023\/02\/malajovich-ana-02-scaled.jpg?resize=800%2C445&amp;ssl=1 800w, https:\/\/i0.wp.com\/cdnoticias.com\/wp-content\/uploads\/2023\/02\/malajovich-ana-02-scaled.jpg?w=1600&amp;ssl=1 1600w, https:\/\/i0.wp.com\/cdnoticias.com\/wp-content\/uploads\/2023\/02\/malajovich-ana-02-scaled.jpg?w=2400&amp;ssl=1 2400w\" sizes=\"auto, (max-width: 800px) 100vw, 800px\" \/><\/p>\n<p>&nbsp;<\/p>\n<p>Los docentes solicitaron que<em> \u201chubiera mayor especificaci\u00f3n en relaci\u00f3n a las orientaciones did\u00e1cticas, que se explicara m\u00e1s claramente c\u00f3mo se ense\u00f1a\u201d<\/em>, <em>\u201cvolver a tener como \u00e1rea de ense\u00f1anza el juego\u201d<\/em>, <em>\u201cque se sostuviera la educaci\u00f3n digital\u201d<\/em> y <em>\u201cque la evaluaci\u00f3n est\u00e9 en funci\u00f3n de los contenidos\u201d<\/em>, cont\u00f3 Malajovich. Hizo hincapi\u00e9 en que todos esos aspectos fueron considerados, al igual que otros m\u00e1s que se incluyeron.<\/p>\n<p>&nbsp;<\/p>\n<p>\u201cEs toda una serie de modificaciones muy importantes que fundamentalmente <strong>responde a lo que fue solicitado por los docentes\u201d<\/strong> resumi\u00f3.<\/p>\n<p>&nbsp;<\/p>\n<p>&nbsp;<\/p>\n","protected":false},"excerpt":{"rendered":"<p>La directora de Gesti\u00f3n Curricular provincial de Educaci\u00f3n Inicial estuvo en Olavarr\u00eda en el Primer Encuentro de Docentes Rurales. Participaron<\/p>\n","protected":false},"author":4,"featured_media":76964,"comment_status":"closed","ping_status":"closed","sticky":false,"template":"","format":"standard","meta":{"_jetpack_memberships_contains_paid_content":false,"footnotes":""},"categories":[5,1],"tags":[],"class_list":["post-76971","post","type-post","status-publish","format-standard","has-post-thumbnail","hentry","category-informacion-general","category-portada"],"jetpack_featured_media_url":"https:\/\/i0.wp.com\/cdnoticias.com\/wp-content\/uploads\/2023\/02\/malajovich-ana-03-scaled.jpg?fit=2560%2C1424&ssl=1","jetpack_sharing_enabled":true,"_links":{"self":[{"href":"https:\/\/cdnoticias.com\/index.php\/wp-json\/wp\/v2\/posts\/76971","targetHints":{"allow":["GET"]}}],"collection":[{"href":"https:\/\/cdnoticias.com\/index.php\/wp-json\/wp\/v2\/posts"}],"about":[{"href":"https:\/\/cdnoticias.com\/index.php\/wp-json\/wp\/v2\/types\/post"}],"author":[{"embeddable":true,"href":"https:\/\/cdnoticias.com\/index.php\/wp-json\/wp\/v2\/users\/4"}],"replies":[{"embeddable":true,"href":"https:\/\/cdnoticias.com\/index.php\/wp-json\/wp\/v2\/comments?post=76971"}],"version-history":[{"count":0,"href":"https:\/\/cdnoticias.com\/index.php\/wp-json\/wp\/v2\/posts\/76971\/revisions"}],"wp:featuredmedia":[{"embeddable":true,"href":"https:\/\/cdnoticias.com\/index.php\/wp-json\/wp\/v2\/media\/76964"}],"wp:attachment":[{"href":"https:\/\/cdnoticias.com\/index.php\/wp-json\/wp\/v2\/media?parent=76971"}],"wp:term":[{"taxonomy":"category","embeddable":true,"href":"https:\/\/cdnoticias.com\/index.php\/wp-json\/wp\/v2\/categories?post=76971"},{"taxonomy":"post_tag","embeddable":true,"href":"https:\/\/cdnoticias.com\/index.php\/wp-json\/wp\/v2\/tags?post=76971"}],"curies":[{"name":"wp","href":"https:\/\/api.w.org\/{rel}","templated":true}]}}