{"id":76955,"date":"2023-02-14T16:16:33","date_gmt":"2023-02-14T19:16:33","guid":{"rendered":"https:\/\/www.centraldenoticias.com.ar\/?p=76955"},"modified":"2023-02-14T16:16:33","modified_gmt":"2023-02-14T19:16:33","slug":"gabriela-niebla-expone-en-el-centro-cultural-san-jose","status":"publish","type":"post","link":"https:\/\/cdnoticias.com\/index.php\/2023\/02\/14\/gabriela-niebla-expone-en-el-centro-cultural-san-jose\/","title":{"rendered":"Gabriela Niebla expone en el centro Cultural San Jos\u00e9"},"content":{"rendered":"<p>Desde el s\u00e1bado comenzar\u00e1 la exposici\u00f3n compartida con Gabi Chantir y Manuela Uzubiaga. En la apertura actuar\u00e1 el m\u00fasico Juan D Fleitas.<!--more--><\/p>\n<hr \/>\n<p><strong>El pr\u00f3ximo s\u00e1bado comienza &#8220;Desborde&#8221;<\/strong>, una exposici\u00f3n de nuevas piezas de la <strong>artista visual Gabriela Niebla<\/strong>.<\/p>\n<p>&nbsp;<\/p>\n<p>Est\u00e1 enmarcada en la Muestra #83 de artistas locales, en la que <strong>tambi\u00e9n se presentar\u00e1n Gabi Chantir y Manuela Uzubiaga<\/strong>, y se extender\u00e1 hasta el 2 de abril.<\/p>\n<p>&nbsp;<\/p>\n<p>La inauguraci\u00f3n tendr\u00e1 lugar en el Centro Cultural Municipal San Jos\u00e9 (Riobamba 2949) a las 20, y estar\u00e1 <strong>acompa\u00f1ada con la m\u00fasica de Juan D Fleitas.<\/strong><\/p>\n<p>&nbsp;<\/p>\n<p>&nbsp;<\/p>\n","protected":false},"excerpt":{"rendered":"<p>Desde el s\u00e1bado comenzar\u00e1 la exposici\u00f3n compartida con Gabi Chantir y Manuela Uzubiaga. En la apertura actuar\u00e1 el m\u00fasico Juan<\/p>\n","protected":false},"author":4,"featured_media":76956,"comment_status":"closed","ping_status":"closed","sticky":false,"template":"","format":"standard","meta":{"_jetpack_memberships_contains_paid_content":false,"footnotes":""},"categories":[9,1],"tags":[],"class_list":["post-76955","post","type-post","status-publish","format-standard","has-post-thumbnail","hentry","category-cultura","category-portada"],"jetpack_featured_media_url":"https:\/\/i0.wp.com\/cdnoticias.com\/wp-content\/uploads\/2023\/02\/desborde-gabriela-niebla.jpg?fit=800%2C445&ssl=1","jetpack_sharing_enabled":true,"_links":{"self":[{"href":"https:\/\/cdnoticias.com\/index.php\/wp-json\/wp\/v2\/posts\/76955","targetHints":{"allow":["GET"]}}],"collection":[{"href":"https:\/\/cdnoticias.com\/index.php\/wp-json\/wp\/v2\/posts"}],"about":[{"href":"https:\/\/cdnoticias.com\/index.php\/wp-json\/wp\/v2\/types\/post"}],"author":[{"embeddable":true,"href":"https:\/\/cdnoticias.com\/index.php\/wp-json\/wp\/v2\/users\/4"}],"replies":[{"embeddable":true,"href":"https:\/\/cdnoticias.com\/index.php\/wp-json\/wp\/v2\/comments?post=76955"}],"version-history":[{"count":0,"href":"https:\/\/cdnoticias.com\/index.php\/wp-json\/wp\/v2\/posts\/76955\/revisions"}],"wp:featuredmedia":[{"embeddable":true,"href":"https:\/\/cdnoticias.com\/index.php\/wp-json\/wp\/v2\/media\/76956"}],"wp:attachment":[{"href":"https:\/\/cdnoticias.com\/index.php\/wp-json\/wp\/v2\/media?parent=76955"}],"wp:term":[{"taxonomy":"category","embeddable":true,"href":"https:\/\/cdnoticias.com\/index.php\/wp-json\/wp\/v2\/categories?post=76955"},{"taxonomy":"post_tag","embeddable":true,"href":"https:\/\/cdnoticias.com\/index.php\/wp-json\/wp\/v2\/tags?post=76955"}],"curies":[{"name":"wp","href":"https:\/\/api.w.org\/{rel}","templated":true}]}}