{"id":76938,"date":"2023-02-14T11:06:40","date_gmt":"2023-02-14T14:06:40","guid":{"rendered":"https:\/\/www.centraldenoticias.com.ar\/?p=76938"},"modified":"2023-02-14T11:06:40","modified_gmt":"2023-02-14T14:06:40","slug":"santilli-confirmara-el-miercoles-su-candidatura-a-gobernador-bonaerense","status":"publish","type":"post","link":"https:\/\/cdnoticias.com\/index.php\/2023\/02\/14\/santilli-confirmara-el-miercoles-su-candidatura-a-gobernador-bonaerense\/","title":{"rendered":"Santilli confirmar\u00e1 el mi\u00e9rcoles su candidatura a gobernador bonaerense"},"content":{"rendered":"<p>Tal como se adelant\u00f3, el anuncio se realizar\u00e1 por la tarde a trav\u00e9s de sus redes sociales. Se destac\u00f3 que \u201cha visitado m\u00e1s de 100 municipios y recorri\u00f3 m\u00e1s de 105 mil kil\u00f3metros\u201d desde que fue elegido diputado nacional.<\/p>\n<p><!--more--><\/p>\n<hr \/>\n<p>El <strong>diputado nacional de Juntos por el Cambio Diego Santilli<\/strong> <strong>confirmar\u00e1 el mi\u00e9rcoles por la tarde<\/strong>, a trav\u00e9s de sus redes sociales, que<strong> ser\u00e1 candidato a gobernador de la provincia de Buenos Aires<\/strong> en las elecciones de este a\u00f1o en el frente Juntos.<\/p>\n<p>&nbsp;<\/p>\n<p>\u201cDesde que fue elegido diputado nacional en las elecciones legislativas de 2021, <strong>Santilli ha visitado m\u00e1s de 100 municipios bonaerenses y ha recorrido m\u00e1s de 105.000 kil\u00f3metros<\/strong> en la provincia de Buenos Aires\u201d se indic\u00f3 al dar a conocer el anuncio.<\/p>\n<p>&nbsp;<\/p>\n<p>Asimismo, se destac\u00f3 que junto al intendente de Tres de Febrero, Diego Valenzuela, han conformado los <strong>equipos t\u00e9cnicos<\/strong> que trabajan desde principio del a\u00f1o pasado en su programa de gobierno 2023-2027 para la Provincia.<\/p>\n<p>&nbsp;<\/p>\n<blockquote><p>Se valor\u00f3 adem\u00e1s que el &#8220;Colo&#8221; ha recibido el apoyo de varios intendentes y dirigentes territoriales del PRO &#8211;<a href=\"https:\/\/cdnoticias.com\/index.php\/2023\/02\/03\/santilli-contra-kicillof-hoy-se-caracteriza-por-ser-una-gestion-invisible-la-del-gobernador\/\" target=\"_blank\" rel=\"noopener\">entre ellos de Ezequiel Galli<\/a>-, de uno de los l\u00edderes de la coalici\u00f3n de Juntos por el Cambio, Miguel \u00c1ngel Pichetto, y del jefe de Gobierno de la Ciudad de Buenos Aires, Horacio Rodr\u00edguez Larreta.<\/p><\/blockquote>\n<p>&nbsp;<\/p>\n<p>\u201cLos ejes de su propuesta, con la que intentar\u00e1 mostrar un camino alternativo al del actual gobernador bonaerense, Axel Kicillof, ser\u00e1n:<strong> producci\u00f3n y trabajo, seguridad y calidad educativa<\/strong>\u201d se indic\u00f3 a modo de resumen de su programa de gesti\u00f3n.<\/p>\n<p>&nbsp;<\/p>\n<p>Finalmente, se adelant\u00f3 que tras la ratificaci\u00f3n de su candidatura a gobernador, <strong>Santilli intensificar\u00e1 sus recorridas<\/strong> por el interior de la Provincia y el conurbano bonaerense.<\/p>\n<p>&nbsp;<\/p>\n","protected":false},"excerpt":{"rendered":"<p>Tal como se adelant\u00f3, el anuncio se realizar\u00e1 por la tarde a trav\u00e9s de sus redes sociales. Se destac\u00f3 que<\/p>\n","protected":false},"author":4,"featured_media":64530,"comment_status":"closed","ping_status":"closed","sticky":false,"template":"","format":"standard","meta":{"_jetpack_memberships_contains_paid_content":false,"footnotes":""},"categories":[6,1],"tags":[],"class_list":["post-76938","post","type-post","status-publish","format-standard","has-post-thumbnail","hentry","category-nacionales","category-portada"],"jetpack_featured_media_url":"https:\/\/i0.wp.com\/cdnoticias.com\/wp-content\/uploads\/2022\/09\/santilli-entrevista7-scaled.jpg?fit=2560%2C1536&ssl=1","jetpack_sharing_enabled":true,"_links":{"self":[{"href":"https:\/\/cdnoticias.com\/index.php\/wp-json\/wp\/v2\/posts\/76938","targetHints":{"allow":["GET"]}}],"collection":[{"href":"https:\/\/cdnoticias.com\/index.php\/wp-json\/wp\/v2\/posts"}],"about":[{"href":"https:\/\/cdnoticias.com\/index.php\/wp-json\/wp\/v2\/types\/post"}],"author":[{"embeddable":true,"href":"https:\/\/cdnoticias.com\/index.php\/wp-json\/wp\/v2\/users\/4"}],"replies":[{"embeddable":true,"href":"https:\/\/cdnoticias.com\/index.php\/wp-json\/wp\/v2\/comments?post=76938"}],"version-history":[{"count":0,"href":"https:\/\/cdnoticias.com\/index.php\/wp-json\/wp\/v2\/posts\/76938\/revisions"}],"wp:featuredmedia":[{"embeddable":true,"href":"https:\/\/cdnoticias.com\/index.php\/wp-json\/wp\/v2\/media\/64530"}],"wp:attachment":[{"href":"https:\/\/cdnoticias.com\/index.php\/wp-json\/wp\/v2\/media?parent=76938"}],"wp:term":[{"taxonomy":"category","embeddable":true,"href":"https:\/\/cdnoticias.com\/index.php\/wp-json\/wp\/v2\/categories?post=76938"},{"taxonomy":"post_tag","embeddable":true,"href":"https:\/\/cdnoticias.com\/index.php\/wp-json\/wp\/v2\/tags?post=76938"}],"curies":[{"name":"wp","href":"https:\/\/api.w.org\/{rel}","templated":true}]}}