{"id":76936,"date":"2023-02-14T08:07:23","date_gmt":"2023-02-14T11:07:23","guid":{"rendered":"https:\/\/www.centraldenoticias.com.ar\/?p=76936"},"modified":"2023-02-14T08:07:23","modified_gmt":"2023-02-14T11:07:23","slug":"eduardo-perez-pichon-q-e-p-d","status":"publish","type":"post","link":"https:\/\/cdnoticias.com\/index.php\/2023\/02\/14\/eduardo-perez-pichon-q-e-p-d\/","title":{"rendered":"Eduardo P\u00e9rez \u201cPich\u00f3n\u201d (Q.E.P.D.)"},"content":{"rendered":"<p>Falleci\u00f3 en Olavarr\u00eda el 14 de febrero de 2023 a los 79 a\u00f1os de edad. Su esposa: N\u00e9lida Spallina; su hija: Marcela P\u00e9rez; su nieto: Amado; su ahijada: Silvina Fredes; su ahijado: Miguel Anselmo; sus cu\u00f1ados: Rub\u00e9n y Mary; sus sobrinos: Pablo y Guillermo y dem\u00e1s deudos participan su fallecimiento.<\/p>\n<p>&nbsp;<\/p>\n<p>Sus restos son velados en Espa\u00f1a 2942 Sala &#8220;D&#8221; (finaliza a las 15:00) y ser\u00e1n cremados en Crematorio Pinos de Paz, en d\u00eda y horario confirmar, previo responso en la capilla ardiente. Servicio adherido a Coopelectric. Nacido en C\u00f3rdoba. Mec\u00e1nico en rectificador de motores.<\/p>\n","protected":false},"excerpt":{"rendered":"<p>Falleci\u00f3 en Olavarr\u00eda el 14 de febrero de 2023 a los 79 a\u00f1os de edad. Su esposa: N\u00e9lida Spallina; su<\/p>\n","protected":false},"author":5,"featured_media":51544,"comment_status":"closed","ping_status":"closed","sticky":false,"template":"","format":"standard","meta":{"_jetpack_memberships_contains_paid_content":false,"footnotes":""},"categories":[10],"tags":[],"class_list":["post-76936","post","type-post","status-publish","format-standard","has-post-thumbnail","hentry","category-necrologicas"],"jetpack_featured_media_url":"https:\/\/i0.wp.com\/cdnoticias.com\/wp-content\/uploads\/2022\/04\/necrologicas-390-x-240.jpg?fit=390%2C240&ssl=1","jetpack_sharing_enabled":true,"_links":{"self":[{"href":"https:\/\/cdnoticias.com\/index.php\/wp-json\/wp\/v2\/posts\/76936","targetHints":{"allow":["GET"]}}],"collection":[{"href":"https:\/\/cdnoticias.com\/index.php\/wp-json\/wp\/v2\/posts"}],"about":[{"href":"https:\/\/cdnoticias.com\/index.php\/wp-json\/wp\/v2\/types\/post"}],"author":[{"embeddable":true,"href":"https:\/\/cdnoticias.com\/index.php\/wp-json\/wp\/v2\/users\/5"}],"replies":[{"embeddable":true,"href":"https:\/\/cdnoticias.com\/index.php\/wp-json\/wp\/v2\/comments?post=76936"}],"version-history":[{"count":0,"href":"https:\/\/cdnoticias.com\/index.php\/wp-json\/wp\/v2\/posts\/76936\/revisions"}],"wp:featuredmedia":[{"embeddable":true,"href":"https:\/\/cdnoticias.com\/index.php\/wp-json\/wp\/v2\/media\/51544"}],"wp:attachment":[{"href":"https:\/\/cdnoticias.com\/index.php\/wp-json\/wp\/v2\/media?parent=76936"}],"wp:term":[{"taxonomy":"category","embeddable":true,"href":"https:\/\/cdnoticias.com\/index.php\/wp-json\/wp\/v2\/categories?post=76936"},{"taxonomy":"post_tag","embeddable":true,"href":"https:\/\/cdnoticias.com\/index.php\/wp-json\/wp\/v2\/tags?post=76936"}],"curies":[{"name":"wp","href":"https:\/\/api.w.org\/{rel}","templated":true}]}}