{"id":76917,"date":"2023-02-13T19:37:05","date_gmt":"2023-02-13T22:37:05","guid":{"rendered":"https:\/\/www.centraldenoticias.com.ar\/?p=76917"},"modified":"2023-02-13T20:11:28","modified_gmt":"2023-02-13T23:11:28","slug":"intento-robar-una-bolsa-de-cemento-y-fue-encontrada-fue-aprehendida","status":"publish","type":"post","link":"https:\/\/cdnoticias.com\/index.php\/2023\/02\/13\/intento-robar-una-bolsa-de-cemento-y-fue-encontrada-fue-aprehendida\/","title":{"rendered":"Intent\u00f3 robar una bolsa de cemento y fue encontrada: fue aprehendida"},"content":{"rendered":"<p>El hecho se produjo este lunes, en Calle 108 y 9 de Julio. La joven de 28 a\u00f1os fue trasladada a Comisar\u00eda Primera.<!--more--><\/p>\n<hr \/>\n<p>En la jornada de este lunes, <strong>una joven de 28 a\u00f1os fue aprehendida tras intentar robar una bolsa de cemento de una obra en construcci\u00f3n en bicicleta junto a un menor de 14 a\u00f1os.<\/strong><\/p>\n<p>&nbsp;<\/p>\n<blockquote><p>Seg\u00fan detall\u00f3 personal policial, el hecho se produjo en una obra de Calle 108 y 9 de Julio, cuando la joven fue sorprendida durante una recorrida preventiva.<\/p><\/blockquote>\n<p>&nbsp;<\/p>\n<p>All\u00ed, se pudo observar que<strong> la mujer, junto a un menor de 14 a\u00f1os, hab\u00edan cargado una bolsa de cemento que estaba en la obra en el ca\u00f1o de la bicicleta para ser trasladada r\u00e1pidamente.<\/strong><\/p>\n<p>&nbsp;<\/p>\n<p>Por el hecho, <strong>la mujer fue aprehendida y trasladada junto con el menor de edad a la sede de Comisar\u00eda Primera, donde qued\u00f3 a disposici\u00f3n de la UFI N\u00b017 con sede en Azul.<\/strong> La causa fue caratulada como <em>\u201cHurto en grado de tentativa\u201d.<\/em><\/p>\n","protected":false},"excerpt":{"rendered":"<p>El hecho se produjo este lunes, en Calle 108 y 9 de Julio. La joven de 28 a\u00f1os fue trasladada<\/p>\n","protected":false},"author":2,"featured_media":76920,"comment_status":"closed","ping_status":"closed","sticky":false,"template":"","format":"standard","meta":{"_jetpack_memberships_contains_paid_content":false,"footnotes":""},"categories":[14,1],"tags":[],"class_list":["post-76917","post","type-post","status-publish","format-standard","has-post-thumbnail","hentry","category-policiales","category-portada"],"jetpack_featured_media_url":"https:\/\/i0.wp.com\/cdnoticias.com\/wp-content\/uploads\/2023\/02\/WhatsApp-Image-2023-02-13-at-13.15.14.jpeg?fit=1600%2C1201&ssl=1","jetpack_sharing_enabled":true,"_links":{"self":[{"href":"https:\/\/cdnoticias.com\/index.php\/wp-json\/wp\/v2\/posts\/76917","targetHints":{"allow":["GET"]}}],"collection":[{"href":"https:\/\/cdnoticias.com\/index.php\/wp-json\/wp\/v2\/posts"}],"about":[{"href":"https:\/\/cdnoticias.com\/index.php\/wp-json\/wp\/v2\/types\/post"}],"author":[{"embeddable":true,"href":"https:\/\/cdnoticias.com\/index.php\/wp-json\/wp\/v2\/users\/2"}],"replies":[{"embeddable":true,"href":"https:\/\/cdnoticias.com\/index.php\/wp-json\/wp\/v2\/comments?post=76917"}],"version-history":[{"count":0,"href":"https:\/\/cdnoticias.com\/index.php\/wp-json\/wp\/v2\/posts\/76917\/revisions"}],"wp:featuredmedia":[{"embeddable":true,"href":"https:\/\/cdnoticias.com\/index.php\/wp-json\/wp\/v2\/media\/76920"}],"wp:attachment":[{"href":"https:\/\/cdnoticias.com\/index.php\/wp-json\/wp\/v2\/media?parent=76917"}],"wp:term":[{"taxonomy":"category","embeddable":true,"href":"https:\/\/cdnoticias.com\/index.php\/wp-json\/wp\/v2\/categories?post=76917"},{"taxonomy":"post_tag","embeddable":true,"href":"https:\/\/cdnoticias.com\/index.php\/wp-json\/wp\/v2\/tags?post=76917"}],"curies":[{"name":"wp","href":"https:\/\/api.w.org\/{rel}","templated":true}]}}