{"id":76864,"date":"2023-02-13T19:30:03","date_gmt":"2023-02-13T22:30:03","guid":{"rendered":"https:\/\/www.centraldenoticias.com.ar\/?p=76864"},"modified":"2023-02-13T19:30:03","modified_gmt":"2023-02-13T22:30:03","slug":"ultimos-dias-de-inscripcion-para-los-dina-pontoni-y-florentina-gomez-miranda","status":"publish","type":"post","link":"https:\/\/cdnoticias.com\/index.php\/2023\/02\/13\/ultimos-dias-de-inscripcion-para-los-dina-pontoni-y-florentina-gomez-miranda\/","title":{"rendered":"\u00daltimos d\u00edas de inscripci\u00f3n para los Dina Pontoni y Florentina G\u00f3mez Miranda"},"content":{"rendered":"<p>Ser\u00e1 hasta el 15 de febrero. Las planillas se pueden retirar por el HCD, solicitarlas por correo electr\u00f3nico o descargarlas de la web. La entrega de reconocimientos ser\u00e1 el 10 de marzo en el Teatro Municipal.<!--more--><\/p>\n<hr \/>\n<p>Hasta el <strong>15 de febrero<\/strong> contin\u00faa abierta la <strong>inscripci\u00f3n para participar de la XII edici\u00f3n de los Premios Dina Pontoni y Florentina G\u00f3mez Miranda<\/strong> que se realizar\u00e1 el 10 de marzo a las 20:00 en el Teatro Municipal.<\/p>\n<p>&nbsp;<\/p>\n<p>Las planillas se pueden retirar en el Honorable Concejo Deliberante (Alsina 2785 de 8 a 12.30 horas) o bien solicitarla por correo electr\u00f3nico a honorableconcejodeliberante@olavarria.gov.ar. Tambi\u00e9n la planilla est\u00e1 disponible para su descarga en la p\u00e1gina web del Concejo Deliberante.<\/p>\n<p>&nbsp;<\/p>\n<p>Como en todas las ediciones el <strong>\u201cReconocimiento al Compromiso\u201d<\/strong>, incluir\u00e1 diez de las siguientes categor\u00edas: Compromiso con el desarrollo sociocomunitario, Compromiso con la Pol\u00edtica, Compromiso con el Arte y la Cultura, Compromiso con la Educaci\u00f3n, la Ciencia y la Tecnolog\u00eda, Compromiso con los Derechos Humanos, Compromiso con el Derecho a la Informaci\u00f3n y Comunicaci\u00f3n, Compromiso con el Deporte, Compromiso con la vida Espiritual y Religiosa, Compromiso con la Empresa, el Comercio y la Econom\u00eda Popular, Compromiso con el Campo y la vida rural, Compromiso con la Salud y Compromiso con la lucha por la igualdad y la equidad de G\u00e9nero.<\/p>\n<p>&nbsp;<\/p>\n<p>Se entregar\u00e1 adem\u00e1s el reconocimiento anual \u201cFlorentina G\u00f3mez Miranda\u201d que destaca a las mujeres del Partido de Olavarr\u00eda, <strong>autoras, gestoras o coordinadoras de proyectos colectivos.<\/strong><\/p>\n","protected":false},"excerpt":{"rendered":"<p>Ser\u00e1 hasta el 15 de febrero. Las planillas se pueden retirar por el HCD, solicitarlas por correo electr\u00f3nico o descargarlas<\/p>\n","protected":false},"author":5,"featured_media":76036,"comment_status":"closed","ping_status":"closed","sticky":false,"template":"","format":"standard","meta":{"_jetpack_memberships_contains_paid_content":false,"footnotes":""},"categories":[3,1],"tags":[],"class_list":["post-76864","post","type-post","status-publish","format-standard","has-post-thumbnail","hentry","category-genero","category-portada"],"jetpack_featured_media_url":"https:\/\/i0.wp.com\/cdnoticias.com\/wp-content\/uploads\/2023\/02\/HCD-dina-pontoni-3.jpg?fit=800%2C445&ssl=1","jetpack_sharing_enabled":true,"_links":{"self":[{"href":"https:\/\/cdnoticias.com\/index.php\/wp-json\/wp\/v2\/posts\/76864","targetHints":{"allow":["GET"]}}],"collection":[{"href":"https:\/\/cdnoticias.com\/index.php\/wp-json\/wp\/v2\/posts"}],"about":[{"href":"https:\/\/cdnoticias.com\/index.php\/wp-json\/wp\/v2\/types\/post"}],"author":[{"embeddable":true,"href":"https:\/\/cdnoticias.com\/index.php\/wp-json\/wp\/v2\/users\/5"}],"replies":[{"embeddable":true,"href":"https:\/\/cdnoticias.com\/index.php\/wp-json\/wp\/v2\/comments?post=76864"}],"version-history":[{"count":0,"href":"https:\/\/cdnoticias.com\/index.php\/wp-json\/wp\/v2\/posts\/76864\/revisions"}],"wp:featuredmedia":[{"embeddable":true,"href":"https:\/\/cdnoticias.com\/index.php\/wp-json\/wp\/v2\/media\/76036"}],"wp:attachment":[{"href":"https:\/\/cdnoticias.com\/index.php\/wp-json\/wp\/v2\/media?parent=76864"}],"wp:term":[{"taxonomy":"category","embeddable":true,"href":"https:\/\/cdnoticias.com\/index.php\/wp-json\/wp\/v2\/categories?post=76864"},{"taxonomy":"post_tag","embeddable":true,"href":"https:\/\/cdnoticias.com\/index.php\/wp-json\/wp\/v2\/tags?post=76864"}],"curies":[{"name":"wp","href":"https:\/\/api.w.org\/{rel}","templated":true}]}}