{"id":76846,"date":"2023-02-13T10:06:36","date_gmt":"2023-02-13T13:06:36","guid":{"rendered":"https:\/\/www.centraldenoticias.com.ar\/?p=76846"},"modified":"2023-02-13T10:39:28","modified_gmt":"2023-02-13T13:39:28","slug":"ola-de-calor-el-domingo-tuvo-la-marca-maxima-de-temperatura-de-2023","status":"publish","type":"post","link":"https:\/\/cdnoticias.com\/index.php\/2023\/02\/13\/ola-de-calor-el-domingo-tuvo-la-marca-maxima-de-temperatura-de-2023\/","title":{"rendered":"Ola de calor: el domingo tuvo la marca m\u00e1xima de temperatura de 2023"},"content":{"rendered":"<p>La Estaci\u00f3n Meteorol\u00f3gica local registr\u00f3 a las 18.10 del domingo el r\u00e9cord de temperatura con 36,1\u00ba. La sensaci\u00f3n t\u00e9rmica super\u00f3 los 40\u00ba durante la tarde.<\/p>\n<p><!--more--><\/p>\n<hr \/>\n<p>Olavarr\u00eda sufri\u00f3 la<strong> \u00faltima ola de calor con alerta nivel amarillo<\/strong> durante la semana pasada y <strong>este domingo se registr\u00f3 la marca m\u00e1xima de temperatura en lo que va del a\u00f1o<\/strong>.<\/p>\n<p>&nbsp;<\/p>\n<blockquote><p>La Estaci\u00f3n Meteorol\u00f3gica local inform\u00f3 que registr\u00f3 a las 18.10 del domingo el r\u00e9cord de temperatura con 36,1\u00ba. En tanto, la sensaci\u00f3n t\u00e9rmica super\u00f3 los 40\u00ba durante la tarde.<\/p><\/blockquote>\n<p>&nbsp;<\/p>\n<p>En el marco de la <a href=\"https:\/\/cdnoticias.com\/index.php\/2023\/02\/11\/sigue-la-ola-de-calor-en-la-provincia\/\" target=\"_blank\" rel=\"noopener\">octava ola de calor de la temporada en el pa\u00eds<\/a>, <strong>el domingo 12 de febrero quedar\u00e1 en el registro como uno de los d\u00edas para recordar de la temporada estival para Olavarr\u00eda<\/strong>. La estaci\u00f3n ubicada en el aer\u00f3dromo inform\u00f3 que la m\u00ednima del d\u00eda se dio a las 6.50 y fue de 20,8\u00ba y la m\u00e1xima se alcanz\u00f3 a las 18.10 y fue de 36,1\u00ba. <strong>\u201cR\u00e9cord 2023\u201d<\/strong> se\u00f1al\u00f3 el organismo dependiente del Servicio Meteorol\u00f3gico Nacional.<\/p>\n<p>&nbsp;<\/p>\n<p>Adem\u00e1s, <strong>a partir de las 13 comenz\u00f3 a registrarse sensaci\u00f3n t\u00e9rmica, con entre 4 y 6 grados de diferencia<\/strong> con la marca de temperatura. Desde las 15, los registros de sensaci\u00f3n t\u00e9rmica <strong>superaron los 40\u00ba<\/strong> y, cabe se\u00f1alar que a partir de las 18 el viento norte comenz\u00f3 a soplar a 40 kil\u00f3metros por hora con r\u00e1fagas de hasta 68 kil\u00f3metros.<\/p>\n<p>&nbsp;<\/p>\n<p><img data-recalc-dims=\"1\" loading=\"lazy\" decoding=\"async\" class=\"size-full wp-image-76847 aligncenter\" src=\"https:\/\/i0.wp.com\/cdnoticias.com\/wp-content\/uploads\/2023\/02\/temperatura-maxima.jpg?resize=500%2C590&#038;ssl=1\" alt=\"\" width=\"500\" height=\"590\" srcset=\"https:\/\/i0.wp.com\/cdnoticias.com\/wp-content\/uploads\/2023\/02\/temperatura-maxima.jpg?w=500&amp;ssl=1 500w, https:\/\/i0.wp.com\/cdnoticias.com\/wp-content\/uploads\/2023\/02\/temperatura-maxima.jpg?resize=254%2C300&amp;ssl=1 254w\" sizes=\"auto, (max-width: 500px) 100vw, 500px\" \/><\/p>\n<p>&nbsp;<\/p>\n<p><strong>Este lunes Olavarr\u00eda ya no se encuentra incluida en los alertas por altas temperaturas<\/strong> que emite el Servicio Meteorol\u00f3gico y tras la fuerte tormenta de esta madrugada la m\u00e1xima esperada es de 28\u00ba.<\/p>\n<p>&nbsp;<\/p>\n","protected":false},"excerpt":{"rendered":"<p>La Estaci\u00f3n Meteorol\u00f3gica local registr\u00f3 a las 18.10 del domingo el r\u00e9cord de temperatura con 36,1\u00ba. La sensaci\u00f3n t\u00e9rmica super\u00f3<\/p>\n","protected":false},"author":4,"featured_media":43119,"comment_status":"closed","ping_status":"closed","sticky":false,"template":"","format":"standard","meta":{"_jetpack_memberships_contains_paid_content":false,"footnotes":""},"categories":[5,1],"tags":[],"class_list":["post-76846","post","type-post","status-publish","format-standard","has-post-thumbnail","hentry","category-informacion-general","category-portada"],"jetpack_featured_media_url":"https:\/\/i0.wp.com\/cdnoticias.com\/wp-content\/uploads\/2022\/01\/verano-atr-09.jpg?fit=800%2C445&ssl=1","jetpack_sharing_enabled":true,"_links":{"self":[{"href":"https:\/\/cdnoticias.com\/index.php\/wp-json\/wp\/v2\/posts\/76846","targetHints":{"allow":["GET"]}}],"collection":[{"href":"https:\/\/cdnoticias.com\/index.php\/wp-json\/wp\/v2\/posts"}],"about":[{"href":"https:\/\/cdnoticias.com\/index.php\/wp-json\/wp\/v2\/types\/post"}],"author":[{"embeddable":true,"href":"https:\/\/cdnoticias.com\/index.php\/wp-json\/wp\/v2\/users\/4"}],"replies":[{"embeddable":true,"href":"https:\/\/cdnoticias.com\/index.php\/wp-json\/wp\/v2\/comments?post=76846"}],"version-history":[{"count":0,"href":"https:\/\/cdnoticias.com\/index.php\/wp-json\/wp\/v2\/posts\/76846\/revisions"}],"wp:featuredmedia":[{"embeddable":true,"href":"https:\/\/cdnoticias.com\/index.php\/wp-json\/wp\/v2\/media\/43119"}],"wp:attachment":[{"href":"https:\/\/cdnoticias.com\/index.php\/wp-json\/wp\/v2\/media?parent=76846"}],"wp:term":[{"taxonomy":"category","embeddable":true,"href":"https:\/\/cdnoticias.com\/index.php\/wp-json\/wp\/v2\/categories?post=76846"},{"taxonomy":"post_tag","embeddable":true,"href":"https:\/\/cdnoticias.com\/index.php\/wp-json\/wp\/v2\/tags?post=76846"}],"curies":[{"name":"wp","href":"https:\/\/api.w.org\/{rel}","templated":true}]}}