{"id":76844,"date":"2023-02-13T09:32:08","date_gmt":"2023-02-13T12:32:08","guid":{"rendered":"https:\/\/www.centraldenoticias.com.ar\/?p=76844"},"modified":"2023-02-14T07:52:03","modified_gmt":"2023-02-14T10:52:03","slug":"a-partir-de-este-lunes-comienza-regir-el-nuevo-cronograma-de-hisopados","status":"publish","type":"post","link":"https:\/\/cdnoticias.com\/index.php\/2023\/02\/13\/a-partir-de-este-lunes-comienza-regir-el-nuevo-cronograma-de-hisopados\/","title":{"rendered":"A partir de este lunes comienza regir el nuevo cronograma de hisopados"},"content":{"rendered":"<p>Ser\u00e1 de 10 a 10:30 los lunes, mi\u00e9rcoles y viernes. Se realizar\u00e1n en el Hospital Municipal \u201cDr. H\u00e9ctor Cura\u201d con ingreso por Alsina.<!--more--><\/p>\n<hr \/>\n<p>A partir de este lunes 13 de febrero, los hisopados se realizar\u00e1n los d\u00edas <strong>lunes, mi\u00e9rcoles y viernes<\/strong> en el horario <strong>de 10 a 10:30.<\/strong><\/p>\n<p>&nbsp;<\/p>\n<p>Se llevar\u00e1n a cabo en el mismo lugar donde ven\u00eda desarroll\u00e1ndose, es decir <strong>en el Hospital \u201cDoctor H\u00e9ctor Cura\u201d, en la entrada por calle Alsina<\/strong>, donde fuera el ingreso a la guardia vieja.<\/p>\n<p>&nbsp;<\/p>\n<p>La decisi\u00f3n fue tomada <strong>\u201cen virtud del an\u00e1lisis y estudio de la situaci\u00f3n epidemiol\u00f3gica del partido de Olavarr\u00eda\u201d.<\/strong><\/p>\n<p>&nbsp;<\/p>\n<p>Se hisopar\u00e1n <strong>personas mayores de 60 a\u00f1os, embarazadas, personas de riesgo y personal esencial<\/strong>, siendo \u00e9stos los criterios fijados por la Provincia de Buenos Aires para la toma de muestras hasta el d\u00eda de la fecha.<\/p>\n","protected":false},"excerpt":{"rendered":"<p>Ser\u00e1 de 10 a 10:30 los lunes, mi\u00e9rcoles y viernes. Se realizar\u00e1n en el Hospital Municipal \u201cDr. H\u00e9ctor Cura\u201d con<\/p>\n","protected":false},"author":5,"featured_media":76879,"comment_status":"closed","ping_status":"closed","sticky":false,"template":"","format":"standard","meta":{"_jetpack_memberships_contains_paid_content":false,"footnotes":""},"categories":[16,1],"tags":[],"class_list":["post-76844","post","type-post","status-publish","format-standard","has-post-thumbnail","hentry","category-covid-19","category-portada"],"jetpack_featured_media_url":"https:\/\/i0.wp.com\/cdnoticias.com\/wp-content\/uploads\/2023\/02\/hospital-guardia-vieja-1-scaled.jpg?fit=2560%2C1424&ssl=1","jetpack_sharing_enabled":true,"_links":{"self":[{"href":"https:\/\/cdnoticias.com\/index.php\/wp-json\/wp\/v2\/posts\/76844","targetHints":{"allow":["GET"]}}],"collection":[{"href":"https:\/\/cdnoticias.com\/index.php\/wp-json\/wp\/v2\/posts"}],"about":[{"href":"https:\/\/cdnoticias.com\/index.php\/wp-json\/wp\/v2\/types\/post"}],"author":[{"embeddable":true,"href":"https:\/\/cdnoticias.com\/index.php\/wp-json\/wp\/v2\/users\/5"}],"replies":[{"embeddable":true,"href":"https:\/\/cdnoticias.com\/index.php\/wp-json\/wp\/v2\/comments?post=76844"}],"version-history":[{"count":0,"href":"https:\/\/cdnoticias.com\/index.php\/wp-json\/wp\/v2\/posts\/76844\/revisions"}],"wp:featuredmedia":[{"embeddable":true,"href":"https:\/\/cdnoticias.com\/index.php\/wp-json\/wp\/v2\/media\/76879"}],"wp:attachment":[{"href":"https:\/\/cdnoticias.com\/index.php\/wp-json\/wp\/v2\/media?parent=76844"}],"wp:term":[{"taxonomy":"category","embeddable":true,"href":"https:\/\/cdnoticias.com\/index.php\/wp-json\/wp\/v2\/categories?post=76844"},{"taxonomy":"post_tag","embeddable":true,"href":"https:\/\/cdnoticias.com\/index.php\/wp-json\/wp\/v2\/tags?post=76844"}],"curies":[{"name":"wp","href":"https:\/\/api.w.org\/{rel}","templated":true}]}}