{"id":76837,"date":"2023-02-13T08:59:21","date_gmt":"2023-02-13T11:59:21","guid":{"rendered":"https:\/\/www.centraldenoticias.com.ar\/?p=76837"},"modified":"2023-02-13T10:07:48","modified_gmt":"2023-02-13T13:07:48","slug":"la-fuerte-tormenta-dejo-plantas-caidas-y-voladuras-de-techos","status":"publish","type":"post","link":"https:\/\/cdnoticias.com\/index.php\/2023\/02\/13\/la-fuerte-tormenta-dejo-plantas-caidas-y-voladuras-de-techos\/","title":{"rendered":"La fuerte tormenta dej\u00f3 plantas ca\u00eddas y voladuras de techos"},"content":{"rendered":"<p>La Estaci\u00f3n Meteorol\u00f3gica local inform\u00f3 que el agua ca\u00edda alcanz\u00f3 a 31,5 mil\u00edmetros. Bomberos atendi\u00f3 dos llamados en la madrugada.<!--more--><\/p>\n<hr \/>\n<p>La <strong>fuerte tormenta que en la madrugada se desat\u00f3 sobre Olavarr\u00eda<\/strong> dej\u00f3 <strong>plantas ca\u00eddas y techos volados<\/strong> en distintos puntos de la ciudad.<\/p>\n<p>&nbsp;<\/p>\n<p>La Estaci\u00f3n Meteorol\u00f3gica local inform\u00f3 que el agua ca\u00edda alcanz\u00f3 a <strong>31,5 mil\u00edmetros hasta las 6 de la ma\u00f1ana<\/strong>.<\/p>\n<p>&nbsp;<\/p>\n<p>Producto del<strong> viento<\/strong> se registraron las situaciones que <strong>afectaron a viviendas particulares y comercios.<\/strong><\/p>\n<p>&nbsp;<\/p>\n<figure id=\"attachment_76836\" aria-describedby=\"caption-attachment-76836\" style=\"width: 800px\" class=\"wp-caption aligncenter\"><img data-recalc-dims=\"1\" loading=\"lazy\" decoding=\"async\" class=\"wp-image-76836 size-large\" src=\"https:\/\/i0.wp.com\/cdnoticias.com\/wp-content\/uploads\/2023\/02\/tormenta-parque-mitre-01.jpg?resize=800%2C445&#038;ssl=1\" alt=\"\" width=\"800\" height=\"445\" srcset=\"https:\/\/i0.wp.com\/cdnoticias.com\/wp-content\/uploads\/2023\/02\/tormenta-parque-mitre-01.jpg?resize=1024%2C570&amp;ssl=1 1024w, https:\/\/i0.wp.com\/cdnoticias.com\/wp-content\/uploads\/2023\/02\/tormenta-parque-mitre-01.jpg?resize=300%2C167&amp;ssl=1 300w, https:\/\/i0.wp.com\/cdnoticias.com\/wp-content\/uploads\/2023\/02\/tormenta-parque-mitre-01.jpg?resize=768%2C427&amp;ssl=1 768w, https:\/\/i0.wp.com\/cdnoticias.com\/wp-content\/uploads\/2023\/02\/tormenta-parque-mitre-01.jpg?resize=1536%2C854&amp;ssl=1 1536w, https:\/\/i0.wp.com\/cdnoticias.com\/wp-content\/uploads\/2023\/02\/tormenta-parque-mitre-01.jpg?resize=800%2C445&amp;ssl=1 800w, https:\/\/i0.wp.com\/cdnoticias.com\/wp-content\/uploads\/2023\/02\/tormenta-parque-mitre-01.jpg?w=1600&amp;ssl=1 1600w\" sizes=\"auto, (max-width: 800px) 100vw, 800px\" \/><figcaption id=\"caption-attachment-76836\" class=\"wp-caption-text\">Cay\u00f3 un \u00e1rbol en Brown casi Sargento Cabral del Parque Mitre.<\/figcaption><\/figure>\n<p>&nbsp;<\/p>\n<figure id=\"attachment_76835\" aria-describedby=\"caption-attachment-76835\" style=\"width: 800px\" class=\"wp-caption aligncenter\"><img data-recalc-dims=\"1\" loading=\"lazy\" decoding=\"async\" class=\"wp-image-76835 size-large\" src=\"https:\/\/i0.wp.com\/cdnoticias.com\/wp-content\/uploads\/2023\/02\/tormenta-parque-mitre-02.jpg?resize=800%2C445&#038;ssl=1\" alt=\"\" width=\"800\" height=\"445\" srcset=\"https:\/\/i0.wp.com\/cdnoticias.com\/wp-content\/uploads\/2023\/02\/tormenta-parque-mitre-02.jpg?resize=1024%2C570&amp;ssl=1 1024w, https:\/\/i0.wp.com\/cdnoticias.com\/wp-content\/uploads\/2023\/02\/tormenta-parque-mitre-02.jpg?resize=300%2C167&amp;ssl=1 300w, https:\/\/i0.wp.com\/cdnoticias.com\/wp-content\/uploads\/2023\/02\/tormenta-parque-mitre-02.jpg?resize=768%2C427&amp;ssl=1 768w, https:\/\/i0.wp.com\/cdnoticias.com\/wp-content\/uploads\/2023\/02\/tormenta-parque-mitre-02.jpg?resize=1536%2C854&amp;ssl=1 1536w, https:\/\/i0.wp.com\/cdnoticias.com\/wp-content\/uploads\/2023\/02\/tormenta-parque-mitre-02.jpg?resize=800%2C445&amp;ssl=1 800w, https:\/\/i0.wp.com\/cdnoticias.com\/wp-content\/uploads\/2023\/02\/tormenta-parque-mitre-02.jpg?w=1600&amp;ssl=1 1600w\" sizes=\"auto, (max-width: 800px) 100vw, 800px\" \/><figcaption id=\"caption-attachment-76835\" class=\"wp-caption-text\">Col\u00f3n y Brown, \u00e1rbol ca\u00eddo.<\/figcaption><\/figure>\n<p>&nbsp;<\/p>\n<p>Desde e<strong>l Cuartel Central de Bomberos<\/strong> se inform\u00f3 que recibieron dos llamados durante la madrugada. La <strong>Unidad 10<\/strong> a cargo del suboficial Sergio Iyarza atendi\u00f3 sendas emergencias.<\/p>\n<p>&nbsp;<\/p>\n<p>A las 2.30 en<strong> Piedrabuena al 3500 un \u00e1rbol de la v\u00eda p\u00fablica cay\u00f3 sobre dos viviendas.<\/strong><\/p>\n<p>&nbsp;<\/p>\n<figure id=\"attachment_76833\" aria-describedby=\"caption-attachment-76833\" style=\"width: 800px\" class=\"wp-caption aligncenter\"><img data-recalc-dims=\"1\" loading=\"lazy\" decoding=\"async\" class=\"wp-image-76833 size-large\" src=\"https:\/\/i0.wp.com\/cdnoticias.com\/wp-content\/uploads\/2023\/02\/tormenta-parque-mitre-04.jpg?resize=800%2C445&#038;ssl=1\" alt=\"\" width=\"800\" height=\"445\" srcset=\"https:\/\/i0.wp.com\/cdnoticias.com\/wp-content\/uploads\/2023\/02\/tormenta-parque-mitre-04.jpg?resize=1024%2C570&amp;ssl=1 1024w, https:\/\/i0.wp.com\/cdnoticias.com\/wp-content\/uploads\/2023\/02\/tormenta-parque-mitre-04.jpg?resize=300%2C167&amp;ssl=1 300w, https:\/\/i0.wp.com\/cdnoticias.com\/wp-content\/uploads\/2023\/02\/tormenta-parque-mitre-04.jpg?resize=768%2C427&amp;ssl=1 768w, https:\/\/i0.wp.com\/cdnoticias.com\/wp-content\/uploads\/2023\/02\/tormenta-parque-mitre-04.jpg?resize=1536%2C854&amp;ssl=1 1536w, https:\/\/i0.wp.com\/cdnoticias.com\/wp-content\/uploads\/2023\/02\/tormenta-parque-mitre-04.jpg?resize=800%2C445&amp;ssl=1 800w, https:\/\/i0.wp.com\/cdnoticias.com\/wp-content\/uploads\/2023\/02\/tormenta-parque-mitre-04.jpg?w=1600&amp;ssl=1 1600w\" sizes=\"auto, (max-width: 800px) 100vw, 800px\" \/><figcaption id=\"caption-attachment-76833\" class=\"wp-caption-text\">Sector de juegos del Parque Mitre.<\/figcaption><\/figure>\n<p>&nbsp;<\/p>\n<figure id=\"attachment_76838\" aria-describedby=\"caption-attachment-76838\" style=\"width: 800px\" class=\"wp-caption aligncenter\"><img data-recalc-dims=\"1\" loading=\"lazy\" decoding=\"async\" class=\"wp-image-76838 size-full\" src=\"https:\/\/i0.wp.com\/cdnoticias.com\/wp-content\/uploads\/2023\/02\/tomenta-parque-alberdi-0.jpg?resize=800%2C445&#038;ssl=1\" alt=\"\" width=\"800\" height=\"445\" srcset=\"https:\/\/i0.wp.com\/cdnoticias.com\/wp-content\/uploads\/2023\/02\/tomenta-parque-alberdi-0.jpg?w=800&amp;ssl=1 800w, https:\/\/i0.wp.com\/cdnoticias.com\/wp-content\/uploads\/2023\/02\/tomenta-parque-alberdi-0.jpg?resize=300%2C167&amp;ssl=1 300w, https:\/\/i0.wp.com\/cdnoticias.com\/wp-content\/uploads\/2023\/02\/tomenta-parque-alberdi-0.jpg?resize=768%2C427&amp;ssl=1 768w\" sizes=\"auto, (max-width: 800px) 100vw, 800px\" \/><figcaption id=\"caption-attachment-76838\" class=\"wp-caption-text\">En el Parque Alberdi.<\/figcaption><\/figure>\n<p>&nbsp;<\/p>\n<p>Poco despu\u00e9s, se produjo la<strong> voladura de un techo en Guisasola al 1700<\/strong>. Fue en la planta alta de un edificio en construcci\u00f3n y adem\u00e1s cay\u00f3 mamposter\u00eda.<\/p>\n<p>&nbsp;<\/p>\n<p>Tambi\u00e9n <strong>volaron chapas del \u00faltimo piso de un edificio en Col\u00f3n e Independencia<\/strong>, aunque en este caso no fueron convocados los voluntarios.<\/p>\n<p>&nbsp;<\/p>\n<figure id=\"attachment_76832\" aria-describedby=\"caption-attachment-76832\" style=\"width: 800px\" class=\"wp-caption aligncenter\"><img data-recalc-dims=\"1\" loading=\"lazy\" decoding=\"async\" class=\"wp-image-76832 size-large\" src=\"https:\/\/i0.wp.com\/cdnoticias.com\/wp-content\/uploads\/2023\/02\/tormenta-avenida-colon.jpg?resize=800%2C445&#038;ssl=1\" alt=\"\" width=\"800\" height=\"445\" srcset=\"https:\/\/i0.wp.com\/cdnoticias.com\/wp-content\/uploads\/2023\/02\/tormenta-avenida-colon.jpg?resize=1024%2C570&amp;ssl=1 1024w, https:\/\/i0.wp.com\/cdnoticias.com\/wp-content\/uploads\/2023\/02\/tormenta-avenida-colon.jpg?resize=300%2C167&amp;ssl=1 300w, https:\/\/i0.wp.com\/cdnoticias.com\/wp-content\/uploads\/2023\/02\/tormenta-avenida-colon.jpg?resize=768%2C427&amp;ssl=1 768w, https:\/\/i0.wp.com\/cdnoticias.com\/wp-content\/uploads\/2023\/02\/tormenta-avenida-colon.jpg?resize=1536%2C854&amp;ssl=1 1536w, https:\/\/i0.wp.com\/cdnoticias.com\/wp-content\/uploads\/2023\/02\/tormenta-avenida-colon.jpg?resize=800%2C445&amp;ssl=1 800w, https:\/\/i0.wp.com\/cdnoticias.com\/wp-content\/uploads\/2023\/02\/tormenta-avenida-colon.jpg?w=1600&amp;ssl=1 1600w\" sizes=\"auto, (max-width: 800px) 100vw, 800px\" \/><figcaption id=\"caption-attachment-76832\" class=\"wp-caption-text\">Col\u00f3n al 1900, cartel arrancado.<\/figcaption><\/figure>\n<p>&nbsp;<\/p>\n<figure id=\"attachment_76831\" aria-describedby=\"caption-attachment-76831\" style=\"width: 800px\" class=\"wp-caption aligncenter\"><img data-recalc-dims=\"1\" loading=\"lazy\" decoding=\"async\" class=\"wp-image-76831 size-large\" src=\"https:\/\/i0.wp.com\/cdnoticias.com\/wp-content\/uploads\/2023\/02\/tormenta-avenida-colon-02.jpg?resize=800%2C445&#038;ssl=1\" alt=\"\" width=\"800\" height=\"445\" srcset=\"https:\/\/i0.wp.com\/cdnoticias.com\/wp-content\/uploads\/2023\/02\/tormenta-avenida-colon-02.jpg?resize=1024%2C570&amp;ssl=1 1024w, https:\/\/i0.wp.com\/cdnoticias.com\/wp-content\/uploads\/2023\/02\/tormenta-avenida-colon-02.jpg?resize=300%2C167&amp;ssl=1 300w, https:\/\/i0.wp.com\/cdnoticias.com\/wp-content\/uploads\/2023\/02\/tormenta-avenida-colon-02.jpg?resize=768%2C427&amp;ssl=1 768w, https:\/\/i0.wp.com\/cdnoticias.com\/wp-content\/uploads\/2023\/02\/tormenta-avenida-colon-02.jpg?resize=1536%2C854&amp;ssl=1 1536w, https:\/\/i0.wp.com\/cdnoticias.com\/wp-content\/uploads\/2023\/02\/tormenta-avenida-colon-02.jpg?resize=800%2C445&amp;ssl=1 800w, https:\/\/i0.wp.com\/cdnoticias.com\/wp-content\/uploads\/2023\/02\/tormenta-avenida-colon-02.jpg?w=1600&amp;ssl=1 1600w\" sizes=\"auto, (max-width: 800px) 100vw, 800px\" \/><figcaption id=\"caption-attachment-76831\" class=\"wp-caption-text\">Volaron chapas del \u00faltimo piso de Col\u00f3n e Independencia.<\/figcaption><\/figure>\n<p>&nbsp;<\/p>\n<p>En tanto, en el Parque Mitre se observaron <strong>\u00e1rboles ca\u00eddos en Brown y Col\u00f3n, y en el sector de juegos en Brown y Sargento Cabral<\/strong>. Asimismo, numerosas ramas de menor tama\u00f1o cayeron en el predio.<\/p>\n<p>&nbsp;<\/p>\n<p>En el <strong>Parque Alberdi<\/strong> se registr\u00f3 una situaci\u00f3n similar con da\u00f1os menores. Hubo ramas de tama\u00f1o reducido que cayeron y se dispersaron por el sector, y a su vez <strong>cayeron algunos de los ba\u00f1os qu\u00edmicos<\/strong> que hab\u00edan quedado ubicados para la realizaci\u00f3n de los Corsos Oficiales,<a href=\"https:\/\/cdnoticias.com\/index.php\/2023\/02\/12\/no-hubo-tercera-noche-para-los-corsos-oficiales\/\" target=\"_blank\" rel=\"noopener\"> evento que fue suspendido en la noche del domingo<\/a>.<\/p>\n<p>&nbsp;<\/p>\n<p>En <strong>Col\u00f3n al 1900 se observ\u00f3 la voladura de un cartel comercial<\/strong> de lona que fue arrancado de su sost\u00e9n original.<\/p>\n<p>&nbsp;<\/p>\n<p>&nbsp;<\/p>\n","protected":false},"excerpt":{"rendered":"<p>La Estaci\u00f3n Meteorol\u00f3gica local inform\u00f3 que el agua ca\u00edda alcanz\u00f3 a 31,5 mil\u00edmetros. Bomberos atendi\u00f3 dos llamados en la madrugada.<\/p>\n","protected":false},"author":4,"featured_media":76834,"comment_status":"closed","ping_status":"closed","sticky":false,"template":"","format":"standard","meta":{"_jetpack_memberships_contains_paid_content":false,"footnotes":""},"categories":[5,1],"tags":[],"class_list":["post-76837","post","type-post","status-publish","format-standard","has-post-thumbnail","hentry","category-informacion-general","category-portada"],"jetpack_featured_media_url":"https:\/\/i0.wp.com\/cdnoticias.com\/wp-content\/uploads\/2023\/02\/tormenta-parque-mitre-03.jpg?fit=1600%2C890&ssl=1","jetpack_sharing_enabled":true,"_links":{"self":[{"href":"https:\/\/cdnoticias.com\/index.php\/wp-json\/wp\/v2\/posts\/76837","targetHints":{"allow":["GET"]}}],"collection":[{"href":"https:\/\/cdnoticias.com\/index.php\/wp-json\/wp\/v2\/posts"}],"about":[{"href":"https:\/\/cdnoticias.com\/index.php\/wp-json\/wp\/v2\/types\/post"}],"author":[{"embeddable":true,"href":"https:\/\/cdnoticias.com\/index.php\/wp-json\/wp\/v2\/users\/4"}],"replies":[{"embeddable":true,"href":"https:\/\/cdnoticias.com\/index.php\/wp-json\/wp\/v2\/comments?post=76837"}],"version-history":[{"count":0,"href":"https:\/\/cdnoticias.com\/index.php\/wp-json\/wp\/v2\/posts\/76837\/revisions"}],"wp:featuredmedia":[{"embeddable":true,"href":"https:\/\/cdnoticias.com\/index.php\/wp-json\/wp\/v2\/media\/76834"}],"wp:attachment":[{"href":"https:\/\/cdnoticias.com\/index.php\/wp-json\/wp\/v2\/media?parent=76837"}],"wp:term":[{"taxonomy":"category","embeddable":true,"href":"https:\/\/cdnoticias.com\/index.php\/wp-json\/wp\/v2\/categories?post=76837"},{"taxonomy":"post_tag","embeddable":true,"href":"https:\/\/cdnoticias.com\/index.php\/wp-json\/wp\/v2\/tags?post=76837"}],"curies":[{"name":"wp","href":"https:\/\/api.w.org\/{rel}","templated":true}]}}