{"id":76827,"date":"2023-02-13T08:13:24","date_gmt":"2023-02-13T11:13:24","guid":{"rendered":"https:\/\/www.centraldenoticias.com.ar\/?p=76827"},"modified":"2023-02-13T08:13:24","modified_gmt":"2023-02-13T11:13:24","slug":"rosa-mabel-musto-viuda-de-bavio-q-e-p-d","status":"publish","type":"post","link":"https:\/\/cdnoticias.com\/index.php\/2023\/02\/13\/rosa-mabel-musto-viuda-de-bavio-q-e-p-d\/","title":{"rendered":"Rosa Mabel Musto viuda de Bavio (Q.E.P.D.)"},"content":{"rendered":"<p>&nbsp;<\/p>\n<p>Falleci\u00f3 en Olavarr\u00eda el d\u00eda 12 de febrero de 2023 a los 75 a\u00f1os de edad.<\/p>\n<p>&nbsp;<\/p>\n<p>Su hija Soledad Bavio. Sus nietos Mat\u00edas y Tom\u00e1s Schenck. Su hijo pol\u00edtico Alberto y dem\u00e1s deudos participan de su fallecimiento.<\/p>\n<p>&nbsp;<\/p>\n<p>Velatorio: Espa\u00f1a 2942 departamento &#8221;D&#8221;, lunes 13 a las 7. Responso: Capilla ardiente. Inhumaci\u00f3n: Cementerio Loma de Paz, lunes a las 13.30.<\/p>\n<p>&nbsp;<\/p>\n<p>Barrio en el que viv\u00eda: C.E.C.O<\/p>\n<p>&nbsp;<\/p>\n<p>Lugar de nacimiento: Chacabuco<\/p>\n<p>&nbsp;<\/p>\n<p>Actividad que desarrollaba: Docente retirada.<\/p>\n<p>&nbsp;<\/p>\n","protected":false},"excerpt":{"rendered":"<p>&nbsp; Falleci\u00f3 en Olavarr\u00eda el d\u00eda 12 de febrero de 2023 a los 75 a\u00f1os de edad. &nbsp; Su hija<\/p>\n","protected":false},"author":4,"featured_media":51544,"comment_status":"closed","ping_status":"closed","sticky":false,"template":"","format":"standard","meta":{"_jetpack_memberships_contains_paid_content":false,"footnotes":""},"categories":[10],"tags":[],"class_list":["post-76827","post","type-post","status-publish","format-standard","has-post-thumbnail","hentry","category-necrologicas"],"jetpack_featured_media_url":"https:\/\/i0.wp.com\/cdnoticias.com\/wp-content\/uploads\/2022\/04\/necrologicas-390-x-240.jpg?fit=390%2C240&ssl=1","jetpack_sharing_enabled":true,"_links":{"self":[{"href":"https:\/\/cdnoticias.com\/index.php\/wp-json\/wp\/v2\/posts\/76827","targetHints":{"allow":["GET"]}}],"collection":[{"href":"https:\/\/cdnoticias.com\/index.php\/wp-json\/wp\/v2\/posts"}],"about":[{"href":"https:\/\/cdnoticias.com\/index.php\/wp-json\/wp\/v2\/types\/post"}],"author":[{"embeddable":true,"href":"https:\/\/cdnoticias.com\/index.php\/wp-json\/wp\/v2\/users\/4"}],"replies":[{"embeddable":true,"href":"https:\/\/cdnoticias.com\/index.php\/wp-json\/wp\/v2\/comments?post=76827"}],"version-history":[{"count":0,"href":"https:\/\/cdnoticias.com\/index.php\/wp-json\/wp\/v2\/posts\/76827\/revisions"}],"wp:featuredmedia":[{"embeddable":true,"href":"https:\/\/cdnoticias.com\/index.php\/wp-json\/wp\/v2\/media\/51544"}],"wp:attachment":[{"href":"https:\/\/cdnoticias.com\/index.php\/wp-json\/wp\/v2\/media?parent=76827"}],"wp:term":[{"taxonomy":"category","embeddable":true,"href":"https:\/\/cdnoticias.com\/index.php\/wp-json\/wp\/v2\/categories?post=76827"},{"taxonomy":"post_tag","embeddable":true,"href":"https:\/\/cdnoticias.com\/index.php\/wp-json\/wp\/v2\/tags?post=76827"}],"curies":[{"name":"wp","href":"https:\/\/api.w.org\/{rel}","templated":true}]}}