{"id":76823,"date":"2023-02-12T21:59:56","date_gmt":"2023-02-13T00:59:56","guid":{"rendered":"https:\/\/www.centraldenoticias.com.ar\/?p=76823"},"modified":"2023-02-13T08:28:19","modified_gmt":"2023-02-13T11:28:19","slug":"no-hubo-tercera-noche-para-los-corsos-oficiales","status":"publish","type":"post","link":"https:\/\/cdnoticias.com\/index.php\/2023\/02\/12\/no-hubo-tercera-noche-para-los-corsos-oficiales\/","title":{"rendered":"No hubo tercera noche para los Corsos Oficiales"},"content":{"rendered":"<p>A pocos minutos del inicio y con todo el despliegue en el Cors\u00f3dromo listo, se inform\u00f3 la suspensi\u00f3n de la jornada \u201cdebido a las condiciones clim\u00e1ticas adversas\u201d.<!--more--><\/p>\n<hr \/>\n<p><strong>La tercera jornada de los Corsos Oficiales de Olavarr\u00eda fue suspendida:<\/strong> a pocos minutos del inicio y con todo el despliegue en el Cors\u00f3dromo listo se inform\u00f3 la decisi\u00f3n de suspender.<\/p>\n<p>&nbsp;<\/p>\n<p>Los locutores del evento, Melisa Macdonald y Luis Occhi, fueron los encargados de hacer el anuncio en el predio que poco despu\u00e9s comenz\u00f3 a ser desalojado por los miles de asistentes cuando la lluvia empez\u00f3 caer en el sector hacia las 21.15. Mientras tanto, <strong>los distintos puestos instalados manten\u00edan las ventas<\/strong>.<\/p>\n<p>&nbsp;<\/p>\n<p><img data-recalc-dims=\"1\" loading=\"lazy\" decoding=\"async\" class=\"size-full wp-image-76825 aligncenter\" src=\"https:\/\/i0.wp.com\/cdnoticias.com\/wp-content\/uploads\/2023\/02\/corsos-suspendido1.jpg?resize=800%2C445&#038;ssl=1\" alt=\"\" width=\"800\" height=\"445\" srcset=\"https:\/\/i0.wp.com\/cdnoticias.com\/wp-content\/uploads\/2023\/02\/corsos-suspendido1.jpg?w=800&amp;ssl=1 800w, https:\/\/i0.wp.com\/cdnoticias.com\/wp-content\/uploads\/2023\/02\/corsos-suspendido1.jpg?resize=300%2C167&amp;ssl=1 300w, https:\/\/i0.wp.com\/cdnoticias.com\/wp-content\/uploads\/2023\/02\/corsos-suspendido1.jpg?resize=768%2C427&amp;ssl=1 768w\" sizes=\"auto, (max-width: 800px) 100vw, 800px\" \/><\/p>\n<p>&nbsp;<\/p>\n<p>Para ese momento, <strong>la tormenta el\u00e9ctrica era visible en el cielo<\/strong>, el viento soplaba con intensidad desde hac\u00eda unas horas, aunque la temperatura a\u00fan era alta ya que se superaban los 30\u00ba.<\/p>\n<p>&nbsp;<\/p>\n<blockquote><p>En tanto, en sus redes sociales, el intendente Ezequiel Galli inform\u00f3 que \u201cdebido a las condiciones clim\u00e1ticas adversas y a la tormenta el\u00e9ctrica que se acerca a nuestra ciudad, hemos decidido suspender la \u00faltima noche de Corsos\u201d.<\/p><\/blockquote>\n<p>&nbsp;<\/p>\n<p>Argument\u00f3 la decisi\u00f3n en \u201cpreservar la seguridad de artistas y asistentes\u201d.<\/p>\n<p>&nbsp;<\/p>\n<p>Hasta el momento no se inform\u00f3 si la jornada se reprogramar\u00e1.<\/p>\n<p>&nbsp;<\/p>\n","protected":false},"excerpt":{"rendered":"<p>A pocos minutos del inicio y con todo el despliegue en el Cors\u00f3dromo listo, se inform\u00f3 la suspensi\u00f3n de la<\/p>\n","protected":false},"author":4,"featured_media":76824,"comment_status":"closed","ping_status":"closed","sticky":false,"template":"","format":"standard","meta":{"_jetpack_memberships_contains_paid_content":false,"footnotes":""},"categories":[9,1],"tags":[],"class_list":["post-76823","post","type-post","status-publish","format-standard","has-post-thumbnail","hentry","category-cultura","category-portada"],"jetpack_featured_media_url":"https:\/\/i0.wp.com\/cdnoticias.com\/wp-content\/uploads\/2023\/02\/corsos-suspendido.jpg?fit=800%2C445&ssl=1","jetpack_sharing_enabled":true,"_links":{"self":[{"href":"https:\/\/cdnoticias.com\/index.php\/wp-json\/wp\/v2\/posts\/76823","targetHints":{"allow":["GET"]}}],"collection":[{"href":"https:\/\/cdnoticias.com\/index.php\/wp-json\/wp\/v2\/posts"}],"about":[{"href":"https:\/\/cdnoticias.com\/index.php\/wp-json\/wp\/v2\/types\/post"}],"author":[{"embeddable":true,"href":"https:\/\/cdnoticias.com\/index.php\/wp-json\/wp\/v2\/users\/4"}],"replies":[{"embeddable":true,"href":"https:\/\/cdnoticias.com\/index.php\/wp-json\/wp\/v2\/comments?post=76823"}],"version-history":[{"count":0,"href":"https:\/\/cdnoticias.com\/index.php\/wp-json\/wp\/v2\/posts\/76823\/revisions"}],"wp:featuredmedia":[{"embeddable":true,"href":"https:\/\/cdnoticias.com\/index.php\/wp-json\/wp\/v2\/media\/76824"}],"wp:attachment":[{"href":"https:\/\/cdnoticias.com\/index.php\/wp-json\/wp\/v2\/media?parent=76823"}],"wp:term":[{"taxonomy":"category","embeddable":true,"href":"https:\/\/cdnoticias.com\/index.php\/wp-json\/wp\/v2\/categories?post=76823"},{"taxonomy":"post_tag","embeddable":true,"href":"https:\/\/cdnoticias.com\/index.php\/wp-json\/wp\/v2\/tags?post=76823"}],"curies":[{"name":"wp","href":"https:\/\/api.w.org\/{rel}","templated":true}]}}