{"id":76819,"date":"2023-02-12T19:57:19","date_gmt":"2023-02-12T22:57:19","guid":{"rendered":"https:\/\/www.centraldenoticias.com.ar\/?p=76819"},"modified":"2023-02-12T19:58:20","modified_gmt":"2023-02-12T22:58:20","slug":"el-club-el-fortin-suspendio-sus-actividades-tras-la-tragedia-de-este-domingo","status":"publish","type":"post","link":"https:\/\/cdnoticias.com\/index.php\/2023\/02\/12\/el-club-el-fortin-suspendio-sus-actividades-tras-la-tragedia-de-este-domingo\/","title":{"rendered":"El Club El Fort\u00edn suspendi\u00f3 sus actividades tras la tragedia de este domingo"},"content":{"rendered":"<p>La suspensi\u00f3n es por siete d\u00edas. La comisi\u00f3n directiva institucional emiti\u00f3 un comunicado en el que expresa su dolor por el fallecimiento de Sim\u00f3n Vivas.<\/p>\n<p><!--more--><\/p>\n<hr \/>\n<p><strong>El Club El Fort\u00edn suspendi\u00f3 sus actividades por la muerte del ni\u00f1o de 12 a\u00f1os<\/strong>, <a href=\"https:\/\/cdnoticias.com\/index.php\/2023\/02\/12\/fallecio-un-nino-que-se-ahogo-en-la-pileta-de-club-el-fortin\/\" target=\"_blank\" rel=\"noopener\">una tragedia que este domingo por la tarde tuvo a la instituci\u00f3n como escenario<\/a>.<\/p>\n<p>&nbsp;<\/p>\n<p>La comisi\u00f3n directiva <strong>emiti\u00f3 un comunicado<\/strong> alrededor de las 19 de este domingo para expresar el <strong>dolor por el fallecimiento de Sim\u00f3n Vivas<\/strong>, y mostrar su predisposici\u00f3n a colaborar con la investigaci\u00f3n judicial y con los padres del peque\u00f1o.<\/p>\n<p>&nbsp;<\/p>\n<p>Asimismo, se declar\u00f3 la<strong> suspensi\u00f3n de actividades por una semana<\/strong>.<\/p>\n<p>&nbsp;<\/p>\n<p><em>\u201cEl Club Social y Deportivo El Fort\u00edn, por intermedio de la Comisi\u00f3n Directiva, quiere acompa\u00f1ar en el dolor a los padres de Sim\u00f3n Vivas, poniendo a la instituci\u00f3n a disposici\u00f3n de la justicia y de los padres\u201d<\/em> expres\u00f3 el club a trav\u00e9s de los directivos.<\/p>\n<p>&nbsp;<\/p>\n<p>Agregaron: <em>\u201cel dolor es de todo el Club, por tal raz\u00f3n se suspenden todas las actividades por siete d\u00edas\u201d<\/em>.<\/p>\n<p>&nbsp;<\/p>\n<p><iframe loading=\"lazy\" style=\"border: none; overflow: hidden;\" src=\"https:\/\/www.facebook.com\/plugins\/post.php?href=https%3A%2F%2Fwww.facebook.com%2Fpermalink.php%3Fstory_fbid%3Dpfbid0Ju9DVLp2nDyFvpHFCNZsZsUuAco8YgkcFwKCsZzoBgLBGQAWocpD7g5MwdcUmCfol%26id%3D100063756275618&amp;show_text=true&amp;width=500\" width=\"500\" height=\"589\" frameborder=\"0\" scrolling=\"no\" allowfullscreen=\"allowfullscreen\"><\/iframe><\/p>\n","protected":false},"excerpt":{"rendered":"<p>La suspensi\u00f3n es por siete d\u00edas. La comisi\u00f3n directiva institucional emiti\u00f3 un comunicado en el que expresa su dolor por<\/p>\n","protected":false},"author":4,"featured_media":57185,"comment_status":"closed","ping_status":"closed","sticky":false,"template":"","format":"standard","meta":{"_jetpack_memberships_contains_paid_content":false,"footnotes":""},"categories":[5,1],"tags":[],"class_list":["post-76819","post","type-post","status-publish","format-standard","has-post-thumbnail","hentry","category-informacion-general","category-portada"],"jetpack_featured_media_url":"https:\/\/i0.wp.com\/cdnoticias.com\/wp-content\/uploads\/2022\/06\/el-fortin.jpg?fit=604%2C453&ssl=1","jetpack_sharing_enabled":true,"_links":{"self":[{"href":"https:\/\/cdnoticias.com\/index.php\/wp-json\/wp\/v2\/posts\/76819","targetHints":{"allow":["GET"]}}],"collection":[{"href":"https:\/\/cdnoticias.com\/index.php\/wp-json\/wp\/v2\/posts"}],"about":[{"href":"https:\/\/cdnoticias.com\/index.php\/wp-json\/wp\/v2\/types\/post"}],"author":[{"embeddable":true,"href":"https:\/\/cdnoticias.com\/index.php\/wp-json\/wp\/v2\/users\/4"}],"replies":[{"embeddable":true,"href":"https:\/\/cdnoticias.com\/index.php\/wp-json\/wp\/v2\/comments?post=76819"}],"version-history":[{"count":0,"href":"https:\/\/cdnoticias.com\/index.php\/wp-json\/wp\/v2\/posts\/76819\/revisions"}],"wp:featuredmedia":[{"embeddable":true,"href":"https:\/\/cdnoticias.com\/index.php\/wp-json\/wp\/v2\/media\/57185"}],"wp:attachment":[{"href":"https:\/\/cdnoticias.com\/index.php\/wp-json\/wp\/v2\/media?parent=76819"}],"wp:term":[{"taxonomy":"category","embeddable":true,"href":"https:\/\/cdnoticias.com\/index.php\/wp-json\/wp\/v2\/categories?post=76819"},{"taxonomy":"post_tag","embeddable":true,"href":"https:\/\/cdnoticias.com\/index.php\/wp-json\/wp\/v2\/tags?post=76819"}],"curies":[{"name":"wp","href":"https:\/\/api.w.org\/{rel}","templated":true}]}}