{"id":76814,"date":"2023-02-12T19:25:36","date_gmt":"2023-02-12T22:25:36","guid":{"rendered":"https:\/\/www.centraldenoticias.com.ar\/?p=76814"},"modified":"2023-02-12T19:28:16","modified_gmt":"2023-02-12T22:28:16","slug":"frente-de-todos-tres-precandidatos-cuantos-lugares","status":"publish","type":"post","link":"https:\/\/cdnoticias.com\/index.php\/2023\/02\/12\/frente-de-todos-tres-precandidatos-cuantos-lugares\/","title":{"rendered":"Frente de Todos: \u00bfTres precandidatos, cu\u00e1ntos lugares?"},"content":{"rendered":"<p dir=\"ltr\">Tres figuras que buscan posicionarse con candidaturas y apareci\u00f3 la palabra &#8220;alternativa&#8221;. La postergaci\u00f3n de las reuniones con los adjudicatarios de TUVI industrializadas y el enojo creciente. <!--more--><\/p>\n<hr \/>\n<p><em>(Este es un extracto del newsletter Volver a las Fuentes*, realizado por Josefina Bargas y Alexis Grierson)<\/em><\/p>\n<p>&nbsp;<\/p>\n<p>Fue una semana de visibilidad en la principal fuerza opositora local, donde <strong>se repitieron estrategias<\/strong> y donde aparecieron <strong>nuevas palabras, como \u201calternativa\u201d<\/strong>. <em>\u00bfQu\u00e9 pasa en el Frente de Todos puertas para adentro?<\/em> Bueno, parece que mucho.<\/p>\n<p>&nbsp;<\/p>\n<p><strong>Maximiliano Wesner<\/strong>, en el kirchnerismo, volvi\u00f3 a tener actividad fuerte y se pudo corroborar en sus redes sociales. De entregas <a href=\"https:\/\/cdnoticias.com\/index.php\/2023\/02\/08\/maximiliano-wesner-entrego-jubilaciones-a-34-olavarrienses\/\" target=\"_blank\" rel=\"noopener\">de jubilaciones<\/a>, <a href=\"https:\/\/cdnoticias.com\/index.php\/2023\/02\/09\/wesner-entrego-30-kits-deportivos-a-la-union-de-clubes-de-olavarria\/\" target=\"_blank\" rel=\"noopener\">kits deportivos a clubes<\/a>, visitas a vecinos al trabajo m\u00e1s fino de <strong>posicionarse como referencia del Frente de Todos en la ciudad.<\/strong> Algo que no est\u00e1 puesto en cuesti\u00f3n, pero que tiene muchos postulantes. <em>\u00bfSer\u00e1 la referencia la clave para ser la principal precandidatura?<\/em><\/p>\n<p>&nbsp;<\/p>\n<blockquote class=\"twitter-tweet\">\n<p dir=\"ltr\" lang=\"es\">Este apoyo es un impulso al semillero de cada una de las disciplinas pero fundamentalmente respaldamos el rol social que llevan adelante para que los j\u00f3venes crezcan con oportunidades y aprendiendo los valores de la empat\u00eda y la solidaridad que nos brinda el deporte.<\/p>\n<p>\u2014 Maximiliano Wesner (@MaximilianoWes4) <a href=\"https:\/\/twitter.com\/MaximilianoWes4\/status\/1623643668379729920?ref_src=twsrc%5Etfw\">February 9, 2023<\/a><\/p><\/blockquote>\n<p><script async src=\"https:\/\/platform.twitter.com\/widgets.js\" charset=\"utf-8\"><\/script><\/p>\n<p>Lo concreto es que nueva semana, <strong>un poco menos de visibilidad de Federico Aguilera<\/strong>. Que la tiene, pero m\u00e1s en segundo plano. Ya lo dijimos: no hay que descartar al subsecretario de Miner\u00eda como posible postulante, hay <strong>demasiadas variables<\/strong> que deber\u00e1n tenerse en cuenta de cara a la elecci\u00f3n del nombre.<\/p>\n<p>&nbsp;<\/p>\n<p>Una de ellas, como ya dijimos, qui\u00e9nes integrar\u00e1n la lista de <strong>candidatos a nivel nacional y provincial<\/strong>, aunque en el \u00e1mbito bonaerense est\u00e1 todo dado para que sea <strong>Axel Kicillof<\/strong> que buscar\u00eda reelegir en su cargo por cuatro a\u00f1os m\u00e1s. Y otra, clave, es qu\u00e9 pasar\u00e1 con<strong> Cristina Fern\u00e1ndez de Kirchner<\/strong>, hoy autoproclamada como \u201cproscripta\u201d tras el fallo de Vialidad por parte de la Justicia Federal.<\/p>\n<p>&nbsp;<\/p>\n<p><strong>\u00bfSe habilitar\u00e1 una interna entre dos o m\u00e1s candidatos?<\/strong> \u00bfSer\u00e1 entre dos candidatos? \u00bfDepender\u00e1 la cantidad de candidatos arriba para definir abajo? Justamente, de una de esas variables depende\u2026<\/p>\n<p>&nbsp;<\/p>\n<p><img data-recalc-dims=\"1\" loading=\"lazy\" decoding=\"async\" class=\"size-large wp-image-68383 aligncenter\" src=\"https:\/\/i0.wp.com\/cdnoticias.com\/wp-content\/uploads\/2022\/10\/kicillof-confe3.jpg?resize=800%2C480&#038;ssl=1\" alt=\"\" width=\"800\" height=\"480\" srcset=\"https:\/\/i0.wp.com\/cdnoticias.com\/wp-content\/uploads\/2022\/10\/kicillof-confe3-scaled.jpg?resize=1024%2C614&amp;ssl=1 1024w, https:\/\/i0.wp.com\/cdnoticias.com\/wp-content\/uploads\/2022\/10\/kicillof-confe3-scaled.jpg?resize=300%2C180&amp;ssl=1 300w, https:\/\/i0.wp.com\/cdnoticias.com\/wp-content\/uploads\/2022\/10\/kicillof-confe3-scaled.jpg?resize=768%2C461&amp;ssl=1 768w, https:\/\/i0.wp.com\/cdnoticias.com\/wp-content\/uploads\/2022\/10\/kicillof-confe3-scaled.jpg?resize=1536%2C921&amp;ssl=1 1536w, https:\/\/i0.wp.com\/cdnoticias.com\/wp-content\/uploads\/2022\/10\/kicillof-confe3-scaled.jpg?resize=2048%2C1228&amp;ssl=1 2048w, https:\/\/i0.wp.com\/cdnoticias.com\/wp-content\/uploads\/2022\/10\/kicillof-confe3-scaled.jpg?w=1600&amp;ssl=1 1600w, https:\/\/i0.wp.com\/cdnoticias.com\/wp-content\/uploads\/2022\/10\/kicillof-confe3-scaled.jpg?w=2400&amp;ssl=1 2400w\" sizes=\"auto, (max-width: 800px) 100vw, 800px\" \/><\/p>\n<p>&nbsp;<\/p>\n<p><span style=\"text-decoration: underline;\"><strong>\u201cLa alternativa\u201d<\/strong><\/span><\/p>\n<p>&nbsp;<\/p>\n<p>El <strong>referente massista del distrito, Eduardo Rodr\u00edguez<\/strong>, da muestras de que quiere ser <strong>precandidato a intendente y participar de las PASO<\/strong>. Mucho depender\u00e1 del destino del propio Sergio Massa, que podr\u00eda ser precandidato del espacio, que tambi\u00e9n depender\u00e1 de su destino en el Ministerio de Econom\u00eda. Pero en este an\u00e1lisis de destinos, <strong>los gestos son importantes<\/strong>. Y Rodr\u00edguez dio muchos esta semana.<\/p>\n<p>&nbsp;<\/p>\n<p>Primero, uno m\u00e1s de color: realizaron <strong>una serie de publicaciones vinculadas a los corsos<\/strong>, en un trabajo audiovisual que tiene mucho de <strong>la tarea de Rodr\u00edguez en el \u00e1rea de Cultura durante la gesti\u00f3n de Jos\u00e9 Eseverri<\/strong>. <em>\u201cLa relaci\u00f3n con las comparsas y agrupaciones es muy buena\u201d<\/em> se\u00f1alaron a este newsletter. No profundiza sobre las realidades y la relaci\u00f3n que las agrupaciones tienen con la comuna y la coyuntura actual, pero sirve de anclaje para el trabajo de Rodr\u00edguez en Cultura en la gesti\u00f3n anterior a Galli.<\/p>\n<p>&nbsp;<\/p>\n<blockquote class=\"twitter-tweet\">\n<p dir=\"ltr\" lang=\"es\">Junto a referentes en distintas localidades del Foro Olavarr\u00eda &#8211; Frente Renovador mantuvimos una gran reuni\u00f3n en Sierras Bayas. Hablamos sobre los temas que preocupan a las localidades del partido de <a href=\"https:\/\/twitter.com\/hashtag\/Olavarr%C3%ADa?src=hash&amp;ref_src=twsrc%5Etfw\">#Olavarr\u00eda<\/a>. <a href=\"https:\/\/twitter.com\/hashtag\/AmorxLasLocalidades?src=hash&amp;ref_src=twsrc%5Etfw\">#AmorxLasLocalidades<\/a>\u2764\ufe0f<a href=\"https:\/\/twitter.com\/hashtag\/AmorxOlavarr%C3%ADa?src=hash&amp;ref_src=twsrc%5Etfw\">#AmorxOlavarr\u00eda<\/a>\u2764\ufe0f <a href=\"https:\/\/t.co\/weCdBtcjuc\">pic.twitter.com\/weCdBtcjuc<\/a><\/p>\n<p>\u2014 Eduardo Rodr\u00edguez (@rodriguezolav) <a href=\"https:\/\/twitter.com\/rodriguezolav\/status\/1624416806336184320?ref_src=twsrc%5Etfw\">February 11, 2023<\/a><\/p><\/blockquote>\n<p><script async src=\"https:\/\/platform.twitter.com\/widgets.js\" charset=\"utf-8\"><\/script><\/p>\n<p>El segundo es, quiz\u00e1s, el m\u00e1s importante. Rodr\u00edguez y el Frente Renovador marcaron como hito <strong>un encuentro en Sierras Bayas con referentes no s\u00f3lo de esa localidad sino de todas las localidades<\/strong>, donde se discutieron diversos temas de agenda de los pueblos del distrito tales como la Salud, falta de obras y \u201cnecesidad de mayor conectividad\u201d entre otros.<\/p>\n<p>&nbsp;<\/p>\n<p>All\u00ed, <a href=\"https:\/\/cdnoticias.com\/index.php\/2023\/02\/11\/eduardo-rodriguez-encabezo-una-reunion-con-iniciativas-para-las-localidades\/\" target=\"_blank\" rel=\"noopener\">Rodr\u00edguez no s\u00f3lo tuvo un rol central<\/a> (dijo que hay que priorizar el rol de las localidades y \u201csuperar el estado de abandono y desidia\u201d) y tras agradecer a los referentes del espacio que estuvieron presentes, pidi\u00f3 a los vecinos <strong>\u201csumarse a este trabajo del Frente de Todos para tener en Olavarr\u00eda una alternativa que pueda ganar en la ciudad en este 2023\u201d<\/strong>.<\/p>\n<p>&nbsp;<\/p>\n<p><img data-recalc-dims=\"1\" loading=\"lazy\" decoding=\"async\" class=\"size-full wp-image-76728 aligncenter\" src=\"https:\/\/i0.wp.com\/cdnoticias.com\/wp-content\/uploads\/2023\/02\/Reunion-ForoFR-Sierras-Bayas.jpg?resize=800%2C445&#038;ssl=1\" alt=\"\" width=\"800\" height=\"445\" srcset=\"https:\/\/i0.wp.com\/cdnoticias.com\/wp-content\/uploads\/2023\/02\/Reunion-ForoFR-Sierras-Bayas.jpg?w=800&amp;ssl=1 800w, https:\/\/i0.wp.com\/cdnoticias.com\/wp-content\/uploads\/2023\/02\/Reunion-ForoFR-Sierras-Bayas.jpg?resize=300%2C167&amp;ssl=1 300w, https:\/\/i0.wp.com\/cdnoticias.com\/wp-content\/uploads\/2023\/02\/Reunion-ForoFR-Sierras-Bayas.jpg?resize=768%2C427&amp;ssl=1 768w\" sizes=\"auto, (max-width: 800px) 100vw, 800px\" \/><\/p>\n<p>&nbsp;<\/p>\n<p>Sin pelos en la lengua,<strong> Rodr\u00edguez dijo que es uno de los \u201cconstructores\u201d de una alternativa<\/strong> no s\u00f3lo para <strong>enfrentar a Ezequiel Galli<\/strong>\u2026 sino, <strong>\u00bfdentro del mismo Frente de Todos?<\/strong><\/p>\n<p>&nbsp;<\/p>\n<p><span style=\"text-decoration: underline;\"><strong>El caminante<\/strong><\/span><\/p>\n<p>&nbsp;<\/p>\n<p>\u201cSe hace camino al andar\u2026\u201d dice el Nano Serrat. Es el caso de <strong>Hern\u00e1n Parra<\/strong>, que por ahora cumple el deber de <strong>llegar a la pol\u00edtica como un outsider<\/strong> -es empresario-, de recorrer la ciudad y los barrios para darse a conocer, y tambi\u00e9n <strong>se rode\u00f3 de dirigentes con vasta trayectoria en Olavarr\u00eda<\/strong>, ex concejales todos.<\/p>\n<p>&nbsp;<\/p>\n<p>Lo de outsider puede jugar a favor, rodearse con dirigentes con amplia trayectoria puede hacerlo contradictorio. M\u00e1s all\u00e1 de esa apreciaci\u00f3n, Parra parece decidido a buscar un lugar desde el FdT, con varios desaf\u00edos por delante, uno de ellos el de <strong>tener un lugar en una interna inevitable<\/strong>, al menos de dos pero sin conocer el m\u00e1ximo de postulantes.<\/p>\n<p>&nbsp;<\/p>\n<p><img data-recalc-dims=\"1\" loading=\"lazy\" decoding=\"async\" class=\"size-full wp-image-76015 aligncenter\" src=\"https:\/\/i0.wp.com\/cdnoticias.com\/wp-content\/uploads\/2023\/02\/00-Katopodis-Olavarria-al-Frente.jpg?resize=800%2C445&#038;ssl=1\" alt=\"\" width=\"800\" height=\"445\" srcset=\"https:\/\/i0.wp.com\/cdnoticias.com\/wp-content\/uploads\/2023\/02\/00-Katopodis-Olavarria-al-Frente.jpg?w=800&amp;ssl=1 800w, https:\/\/i0.wp.com\/cdnoticias.com\/wp-content\/uploads\/2023\/02\/00-Katopodis-Olavarria-al-Frente.jpg?resize=300%2C167&amp;ssl=1 300w, https:\/\/i0.wp.com\/cdnoticias.com\/wp-content\/uploads\/2023\/02\/00-Katopodis-Olavarria-al-Frente.jpg?resize=768%2C427&amp;ssl=1 768w\" sizes=\"auto, (max-width: 800px) 100vw, 800px\" \/><\/p>\n<p>&nbsp;<\/p>\n<p>Esta semana <strong>el presidente Alberto Fern\u00e1ndez convoc\u00f3 a una mesa pol\u00edtica del Frente de Todos<\/strong> para delinear la estrategia electoral de 2023. \u00bfAll\u00ed habr\u00e1 una certeza que se respetar\u00e1 a rajatabla? \u00bfO habr\u00e1 algunos sectores que no acatar\u00e1n?<\/p>\n<p>&nbsp;<\/p>\n<p>A fin de cuentas \u2026 \u00bfSer\u00e1? <strong>\u00bfTendr\u00e1 el Frente de Todos tres participantes de una interna?<\/strong><\/p>\n<p>&nbsp;<\/p>\n<p><span style=\"text-decoration: underline;\"><strong>Lo que no pas\u00f3 (todav\u00eda)<\/strong><\/span><\/p>\n<p>&nbsp;<\/p>\n<p>El mi\u00e9rcoles comenzaron los cambios: para el viernes estaba programada la <strong>reuni\u00f3n en la que Ezequiel Galli iba a recibir a los 14 adjudicatarios de las Tuvi industrializadas<\/strong>. Pero <a href=\"https:\/\/cdnoticias.com\/index.php\/2023\/02\/10\/ezequiel-galli-recibira-a-los-adjudicatarios-de-las-tuvi-industrializadas-el-lunes\/\" target=\"_blank\" rel=\"noopener\">dos d\u00edas antes el encuentro recibieron llamados<\/a>: <strong>se pospuso y pas\u00f3 al lunes<\/strong>.<\/p>\n<p>&nbsp;<\/p>\n<p>El s\u00e1bado por la ma\u00f1ana iba a realizarse la <strong>segunda visita del a\u00f1o a la obra en el Pikelado<\/strong>. Pero, el viernes a la ma\u00f1ana <strong>se suspendi\u00f3<\/strong>. En la reuni\u00f3n con Galli, ma\u00f1ana, dicen que se fijar\u00e1 la fecha para la pr\u00f3xima visita.<\/p>\n<p>&nbsp;<\/p>\n<p>La agenda del intendente y el pron\u00f3stico de tormenta fueron los argumentos en cada ocasi\u00f3n se usaron para postergar las actividades. <strong>Los adjudicatarios recibieron las decisiones del Ejecutivo con rechazo y hasta con enojo<\/strong>. El que se sum\u00f3 al que ya vienen evidenciando.<\/p>\n<p>&nbsp;<\/p>\n<p><img data-recalc-dims=\"1\" loading=\"lazy\" decoding=\"async\" class=\"size-large wp-image-75183 aligncenter\" src=\"https:\/\/i0.wp.com\/cdnoticias.com\/wp-content\/uploads\/2023\/01\/TUVI-industrializadas-01.jpeg?resize=800%2C360&#038;ssl=1\" alt=\"\" width=\"800\" height=\"360\" srcset=\"https:\/\/i0.wp.com\/cdnoticias.com\/wp-content\/uploads\/2023\/01\/TUVI-industrializadas-01.jpeg?resize=1024%2C461&amp;ssl=1 1024w, https:\/\/i0.wp.com\/cdnoticias.com\/wp-content\/uploads\/2023\/01\/TUVI-industrializadas-01.jpeg?resize=300%2C135&amp;ssl=1 300w, https:\/\/i0.wp.com\/cdnoticias.com\/wp-content\/uploads\/2023\/01\/TUVI-industrializadas-01.jpeg?resize=768%2C346&amp;ssl=1 768w, https:\/\/i0.wp.com\/cdnoticias.com\/wp-content\/uploads\/2023\/01\/TUVI-industrializadas-01.jpeg?resize=1536%2C691&amp;ssl=1 1536w, https:\/\/i0.wp.com\/cdnoticias.com\/wp-content\/uploads\/2023\/01\/TUVI-industrializadas-01.jpeg?w=1600&amp;ssl=1 1600w\" sizes=\"auto, (max-width: 800px) 100vw, 800px\" \/><\/p>\n<p>&nbsp;<\/p>\n<p>Como ya te contamos, hay <a href=\"https:\/\/cdnoticias.com\/index.php\/2023\/01\/24\/tuvi-industrializadas-adjudicatarios-se-reuniran-con-el-intendente-el-10-de-febrero\/\" target=\"_blank\" rel=\"noopener\">dos aspectos centrales sobre los que esperan respuestas de Galli<\/a>. Uno de ellos, <strong>las cuatro casas que consideran mal construidas<\/strong> y pretenden que se dejen de lado. El otro, <strong>el plazo de entrega de las casas<\/strong>.<\/p>\n<p>&nbsp;<\/p>\n<p><strong>El Ejecutivo ya tendr\u00eda las respuestas listas con las decisiones tomadas para esas dudas<\/strong>. Pero por ahora, no hay nada confirmado. S\u00f3lo la ansiedad y el enojo creciente de quienes se autodefinen como \u201cdamnificados\u201d. Esta historia continuar\u00e1.<\/p>\n<p>&nbsp;<\/p>\n<p><em>* Un extracto<\/em><\/p>\n<p>&nbsp;<\/p>\n<p><em>Esta publicaci\u00f3n es parte de la edici\u00f3n de este domingo del newsletter Volver a las Fuentes que escriben Alexis Grierson y Josefina Bargas.\u00a0<a href=\"https:\/\/mailchi.mp\/4ba18bb7de1a\/las-alternativas-piden-pista?e=e4ffb04d40\" target=\"_blank\" rel=\"noopener\">La\u00a0edici\u00f3n completa est\u00e1 disponible aqu\u00ed<\/a>\u00a0y se pueden realizar <a href=\"https:\/\/gmail.us17.list-manage.com\/subscribe?u=cba2a41506a8e26d100c3f0f8&amp;id=63ce583cd9\" target=\"_blank\" rel=\"noopener\">susc<\/a><\/em><em>ripciones gratuitas y aportes \u00fanicos <a href=\"https:\/\/linktr.ee\/nhdp_valf\" target=\"_blank\" rel=\"noopener\">aqu\u00ed.\u00a0<\/a><\/em><\/p>\n","protected":false},"excerpt":{"rendered":"<p>Tres figuras que buscan posicionarse con candidaturas y apareci\u00f3 la palabra &#8220;alternativa&#8221;. La postergaci\u00f3n de las reuniones con los adjudicatarios<\/p>\n","protected":false},"author":4,"featured_media":76815,"comment_status":"closed","ping_status":"closed","sticky":false,"template":"","format":"standard","meta":{"_jetpack_memberships_contains_paid_content":false,"footnotes":""},"categories":[4,1],"tags":[],"class_list":["post-76814","post","type-post","status-publish","format-standard","has-post-thumbnail","hentry","category-politica","category-portada"],"jetpack_featured_media_url":"https:\/\/i0.wp.com\/cdnoticias.com\/wp-content\/uploads\/2023\/02\/maxi-wesner-union-de-clubes.jpg?fit=1439%2C801&ssl=1","jetpack_sharing_enabled":true,"_links":{"self":[{"href":"https:\/\/cdnoticias.com\/index.php\/wp-json\/wp\/v2\/posts\/76814","targetHints":{"allow":["GET"]}}],"collection":[{"href":"https:\/\/cdnoticias.com\/index.php\/wp-json\/wp\/v2\/posts"}],"about":[{"href":"https:\/\/cdnoticias.com\/index.php\/wp-json\/wp\/v2\/types\/post"}],"author":[{"embeddable":true,"href":"https:\/\/cdnoticias.com\/index.php\/wp-json\/wp\/v2\/users\/4"}],"replies":[{"embeddable":true,"href":"https:\/\/cdnoticias.com\/index.php\/wp-json\/wp\/v2\/comments?post=76814"}],"version-history":[{"count":0,"href":"https:\/\/cdnoticias.com\/index.php\/wp-json\/wp\/v2\/posts\/76814\/revisions"}],"wp:featuredmedia":[{"embeddable":true,"href":"https:\/\/cdnoticias.com\/index.php\/wp-json\/wp\/v2\/media\/76815"}],"wp:attachment":[{"href":"https:\/\/cdnoticias.com\/index.php\/wp-json\/wp\/v2\/media?parent=76814"}],"wp:term":[{"taxonomy":"category","embeddable":true,"href":"https:\/\/cdnoticias.com\/index.php\/wp-json\/wp\/v2\/categories?post=76814"},{"taxonomy":"post_tag","embeddable":true,"href":"https:\/\/cdnoticias.com\/index.php\/wp-json\/wp\/v2\/tags?post=76814"}],"curies":[{"name":"wp","href":"https:\/\/api.w.org\/{rel}","templated":true}]}}