{"id":76773,"date":"2023-02-14T18:55:04","date_gmt":"2023-02-14T21:55:04","guid":{"rendered":"https:\/\/www.centraldenoticias.com.ar\/?p=76773"},"modified":"2023-02-14T18:55:04","modified_gmt":"2023-02-14T21:55:04","slug":"inscripciones-abiertas-en-el-centro-de-estudios-universitarios-de-coopelectric","status":"publish","type":"post","link":"https:\/\/cdnoticias.com\/index.php\/2023\/02\/14\/inscripciones-abiertas-en-el-centro-de-estudios-universitarios-de-coopelectric\/","title":{"rendered":"Inscripciones abiertas en el Centro de Estudios Universitarios de Coopelectric"},"content":{"rendered":"<p>La instituci\u00f3n ofrece m\u00e1s de 50 carreras a trav\u00e9s de seis instituciones educativas de todo el pa\u00eds, y m\u00e1s de 200 cursos de formaci\u00f3n profesional.<!--more--><\/p>\n<hr \/>\n<p>Se inform\u00f3 que <strong>se encuentran abiertas las inscripciones en el Centro de Estudios Universitarios de Coopelectric<\/strong> para el <strong>ciclo lectivo 2023.<\/strong><\/p>\n<p>&nbsp;<\/p>\n<p>La coordinadora del Centro de Estudios Universitarios (CEU) de Coopelectric, <strong>Guadalupe Santana<\/strong> expres\u00f3 que tendr\u00e1n &#8220;<em>varias promociones y bonificaciones en la matr\u00edcula<\/em>&#8220;. &#8220;El CEU de Coopelectric acerca a Olavarr\u00eda y la regi\u00f3n la posibilidad de estudiar a distancia, constituy\u00e9ndose como nexo entre el alumno y diferentes instituciones educativas de nivel nacional&#8221; se indic\u00f3.<\/p>\n<p>&nbsp;<\/p>\n<p>En sus 20 a\u00f1os de trayectoria, son m\u00e1s de 1500 los egresados de cursos, tecnicaturas, carreras de grado y posgrados.<strong> Actualmente la instituci\u00f3n ofrece m\u00e1s de 50 carreras a trav\u00e9s de seis instituciones educativas de todo el pa\u00eds, y m\u00e1s de 200 cursos de formaci\u00f3n profesional.<\/strong> &#8220;Es una propuesta completa y que se actualiza constantemente\u201d afirm\u00f3 la coordinadora del establecimiento.<\/p>\n<p>&nbsp;<\/p>\n<p>&#8220;Contamos con carreras de grado, como Contador, Abogac\u00eda, Administraci\u00f3n de Empresas, Recursos Humanos, Agronegocios, Psicopedagog\u00eda, entre otras&#8221; explic\u00f3 Santana.<\/p>\n<p>&nbsp;<\/p>\n<p>A ello se suman las Tecnicaturas de dos y tres a\u00f1os de duraci\u00f3n que en la actualidad resultan &#8220;<em><strong>las m\u00e1s demandadas, porque en general, se eligen carreras cortas, caracterizadas por la posibilidad de generar una r\u00e1pida inserci\u00f3n laboral&#8221;.<\/strong><\/em> En esa l\u00ednea se ubican Martillero y Corredor P\u00fablico, Administraci\u00f3n de Pymes, Log\u00edstica, Hoteler\u00eda y Turismo, Analista de Sistemas y Telecomunicaciones.<\/p>\n<p>&nbsp;<\/p>\n<p>En el \u00e1rea de la Salud, se destacan Auxiliar de Farmacia, Secretariado M\u00e9dico y Acompa\u00f1ante Terap\u00e9utico. Son cursos de Extensi\u00f3n Universitaria de un a\u00f1o de duraci\u00f3n, que certifica la Universidad Fasta y avala la Secretar\u00eda de Salud de la Naci\u00f3n&#8221; explic\u00f3 Guadalupe Santana.<\/p>\n<p>&nbsp;<\/p>\n<p>La propuesta tambi\u00e9n incluye una<strong> gran diversidad de cursos<\/strong> en otras \u00e1reas como administraci\u00f3n, arte, deportes, inform\u00e1tica, marketing, oficios, social\/ambientas, entre otras.<\/p>\n<p>&nbsp;<\/p>\n<p><strong>Inscripciones<\/strong><\/p>\n<p>&nbsp;<\/p>\n<p>Los interesados pueden acercarse a la sede ubicada en <strong>Belgrano 2824, de lunes a viernes de 8:00 a 13:00 y de 17:00 a 20:00<\/strong> o contactarse por: Whatsapp<strong> 2284- 201038<\/strong>, E-mail: <strong>centroestudiouniversitario@coopelectric.com.ar,<\/strong> Facebook: <strong>Ceu Coopelectric<\/strong> o Instagram:<strong> ceucoopelectric<\/strong><\/p>\n<p>&nbsp;<\/p>\n<p><strong>Novedades 2023<\/strong><\/p>\n<p>&nbsp;<\/p>\n<p>El ciclo lectivo 2023 trae novedades, ya que a la propuesta acad\u00e9mica s<strong>e sumaron la Lic. en Desarrollo de Negocios Digitales, Lic. en Comunicaci\u00f3n Social, T\u00e9c. en Acompa\u00f1amiento Terap\u00e9utico, T\u00e9c. en Turismo, T\u00e9c. en Hoteler\u00eda y Tramo de Formaci\u00f3n Pedag\u00f3gica<\/strong> para los profesionales que desean ejercer la docencia y Capacitaciones Docente con puntaje.<\/p>\n<p>&nbsp;<\/p>\n<p><strong>Modalidad virtual en auge<\/strong><\/p>\n<p>&nbsp;<\/p>\n<p>La virtualidad es fundamental para llevar a cabo las propuestas que brinda el Centro de Estudios a sus 350 estudiantes. &#8220;Si bien nosotros venimos trabajando desde hace muchos a\u00f1os, la pandemia represent\u00f3 una oportunidad porque muchas personas comenzaron a optar por esta modalidad educativa\u201d expres\u00f3 Guadalupe y agreg\u00f3 :&#8221;<em><strong>Nos potenci\u00f3, incrementando la demanda de interesados y alumnos que ingresaron a modalidad a distancia y esperamos continuar creciendo durante este 2023\u201d<\/strong><\/em><\/p>\n<p>&nbsp;<\/p>\n<p><strong>Funcionamiento<\/strong><\/p>\n<p>&nbsp;<\/p>\n<p>En el marco de la modalidad virtual, &#8220;una vez inscripto, el estudiante tiene acceso a una plataforma donde se encuentra disponible todo el material de estudio. Esa plataforma se encuentra habilitada las 24 horas del d\u00eda, es decir que e<strong>l alumno maneja los tiempos de estudio<\/strong>. <em><strong>\u201cEste sistema permite trabajar y estudiar en forma simult\u00e1nea, porque cada uno administra sus tiempos<\/strong><\/em>&#8221; indic\u00f3 Guadalupe Santana.<\/p>\n<p>&nbsp;<\/p>\n<p><em>&#8220;A los j\u00f3venes que cursan se le suman personas que trabajan, tienen familia, no pudieron estudiar en otro momento de su vida y encuentran en el CEU esta posibilidad concreta, integral y de contenci\u00f3n para completar su formaci\u00f3n&#8221;<\/em> agregaron.<\/p>\n<p>&nbsp;<\/p>\n<p>Los parciales y los trabajos pr\u00e1cticos son domiciliarios, con una fecha l\u00edmite de entrega. Luego, los finales se rinden seg\u00fan la metodolog\u00eda elegida por el docente y pueden ser virtuales o escritos presenciales en la sede.<\/p>\n<p>&nbsp;<\/p>\n<p><strong>Otros aspectos destacados<\/strong><\/p>\n<p>&nbsp;<\/p>\n<p>El Centro de Estudios Universitarios de Coopelectric brinda acompa\u00f1amiento y\u00a0 asesoramiento permanente a los estudiantes respecto del uso de las plataformas virtuales; gestiona convenios de pasant\u00edas y pr\u00e1cticas profesionales con instituciones y empresas locales; difunde b\u00fasquedas laborales entre sus estudiantes y egresados; celebra convenios con instituciones educativas de nivel superior con el objetivo de generar la articulaci\u00f3n con carreras afines y coordina un banco de becas, conformado por empresas que, de forma an\u00f3nima, aportan para acompa\u00f1ar a los estudiantes que desean formarse y atraviesan una situaci\u00f3n socioecon\u00f3mica compleja.<\/p>\n<p>&nbsp;<\/p>\n<p><strong>Propuesta educativa\u00a0<\/strong><\/p>\n<p>&nbsp;<\/p>\n<p><strong>UNIVERSIDAD FASTA<\/strong><\/p>\n<p>Contador P\u00fablico<\/p>\n<p>Abogac\u00eda<\/p>\n<p>Lic. en Educaci\u00f3n Religiosa<\/p>\n<p>Lic. en Recursos Humanos<\/p>\n<p>Tec. Universitaria en Administraci\u00f3n de PYMES<\/p>\n<p>Tec. Universitaria en Higiene y Seguridad en el Trabajo<\/p>\n<p>Tec. Universitaria en Seguridad Ciudadana<\/p>\n<p>Martillero y Corredor P\u00fablico<\/p>\n<p>&nbsp;<\/p>\n<p><strong>Licenciaturas de complementaci\u00f3n.<\/strong><\/p>\n<p>Gesti\u00f3n del Talento Humano<\/p>\n<p>Educaci\u00f3n F\u00edsica<\/p>\n<p>Ingl\u00e9s<\/p>\n<p>Periodismo<\/p>\n<p>Dise\u00f1o y Comunicaci\u00f3n Transmedia<\/p>\n<p>Higiene y Seguridad en el Trabajo<\/p>\n<p>Archivolog\u00eda<\/p>\n<p>Turismo<\/p>\n<p>Marketing<\/p>\n<p>Seguridad Ciudadana<\/p>\n<p>Corretaje Inmobiliario<\/p>\n<p>Administraci\u00f3n de Empresas<\/p>\n<p>Posgrado<\/p>\n<p>&nbsp;<\/p>\n<p><strong>Especializaciones<\/strong><\/p>\n<p>Planificaci\u00f3n y Gesti\u00f3n Estrat\u00e9gica de Proyectos Educativos<\/p>\n<p>Inform\u00e1tica Forense<\/p>\n<p>&nbsp;<\/p>\n<p><strong>UNIVERSIDAD DE BELGRANO<\/strong><\/p>\n<p><strong>Tecnicaturas<\/strong><\/p>\n<p>Administraci\u00f3n con Orientaci\u00f3n en PyME<\/p>\n<p>Producci\u00f3n Agropecuaria<\/p>\n<p>Comercializaci\u00f3n<\/p>\n<p>Comercio Internacional<\/p>\n<p>Hoteler\u00eda y Turismo<\/p>\n<p>Analista Universitario en Gesti\u00f3n de Capital Humano<\/p>\n<p>Log\u00edstica<\/p>\n<p>Licenciaturas de Complementaci\u00f3n:<\/p>\n<p>Hoteler\u00eda y Turismo<\/p>\n<p>Gesti\u00f3n de Capital Humano<\/p>\n<p>Gesti\u00f3n de Agroempresas<\/p>\n<p>Log\u00edstica Integral<\/p>\n<p>&nbsp;<\/p>\n<p><strong>INSTITUTO SUPERIOR DE INFORM\u00c1TICA VIRASORO (ISIV)<\/strong><\/p>\n<p><strong>Tecnicaturas<\/strong><\/p>\n<p>Analista de Sistemas<\/p>\n<p>Marketing Digital<\/p>\n<p>Administraci\u00f3n de Empresas<\/p>\n<p>Administraci\u00f3n de Recursos Humanos<\/p>\n<p>Turismo<\/p>\n<p>&nbsp;<\/p>\n<p><strong>INSTITUTO DE FORMACI\u00d3N Y EDUCACI\u00d3N SUPERIOR (IFES)<\/strong><\/p>\n<p><strong>Tecnicatura Superior en<\/strong><\/p>\n<p>Recursos Humanos<\/p>\n<p>Marketing con orientaci\u00f3n en entornos virtuales<\/p>\n<p>Hidrocarburos<\/p>\n<p>Geolog\u00eda<\/p>\n<p>Topograf\u00eda<\/p>\n<p>Energ\u00edas renovables<\/p>\n<p>Gesti\u00f3n Ambiental<\/p>\n<p>Higiene y Seguridad<\/p>\n<p>Desarrollo de Software<\/p>\n<p>Administraci\u00f3n de Empresas<\/p>\n<p>&nbsp;<\/p>\n<p><strong>INSTITUTO SUPERIOR SANTO DOMINGO (ISSD)<\/strong><\/p>\n<p><strong>Tecnicaturas<\/strong><\/p>\n<p>Analista de Sistemas<\/p>\n<p>Telecomunicaciones<\/p>\n<p>Web Developer<\/p>\n<p>Administraci\u00f3n de Empresas<\/p>\n<p>Desarrollo de Software<\/p>\n<p>&nbsp;<\/p>\n<p><strong>CECAUF<\/strong><\/p>\n<p>Tramo de Formaci\u00f3n Pedag\u00f3gica<\/p>\n<p>Capacitaci\u00f3n Docente con Puntaje<\/p>\n<p>&nbsp;<\/p>\n<p><strong>BACHILLERATO<\/strong><\/p>\n<p>con orientaci\u00f3n en Econom\u00eda y Administraci\u00f3n<\/p>\n<p>Cursada virtual, ex\u00e1menes presenciales una vez al mes<\/p>\n<p>Acompa\u00f1amiento administrativo y acad\u00e9mico<\/p>\n<p>T\u00edtulo v\u00e1lido para ingresar a una carrera<\/p>\n<p>&nbsp;<\/p>\n<p><strong>CURSOS<\/strong><\/p>\n<p>M\u00e1s de 200 propuestas en diferentes \u00e1reas como:<\/p>\n<p>Salud<\/p>\n<p>Administraci\u00f3n<\/p>\n<p>Arte<\/p>\n<p>Est\u00e9tica<\/p>\n<p>Gastronom\u00eda<\/p>\n<p>Oficios<\/p>\n<p>Deportes<\/p>\n<p>Marketing<\/p>\n<p>Ciencias Forenses<\/p>\n<p>Inform\u00e1tica<\/p>\n<p>Social\/ambiental<\/p>\n<p>Psicolog\u00eda<\/p>\n<p>Psiquiatr\u00eda<\/p>\n<p>Psicopedagog\u00eda<\/p>\n<p>Ontolog\u00eda<\/p>\n<p>Mec\u00e1nica<\/p>\n<p>Reparaci\u00f3n<\/p>\n","protected":false},"excerpt":{"rendered":"<p>La instituci\u00f3n ofrece m\u00e1s de 50 carreras a trav\u00e9s de seis instituciones educativas de todo el pa\u00eds, y m\u00e1s de<\/p>\n","protected":false},"author":6,"featured_media":76774,"comment_status":"closed","ping_status":"closed","sticky":false,"template":"","format":"standard","meta":{"_jetpack_memberships_contains_paid_content":false,"footnotes":""},"categories":[5,1],"tags":[],"class_list":["post-76773","post","type-post","status-publish","format-standard","has-post-thumbnail","hentry","category-informacion-general","category-portada"],"jetpack_featured_media_url":"https:\/\/i0.wp.com\/cdnoticias.com\/wp-content\/uploads\/2023\/02\/03-Colacion-de-grado-2022.jpg?fit=1151%2C768&ssl=1","jetpack_sharing_enabled":true,"_links":{"self":[{"href":"https:\/\/cdnoticias.com\/index.php\/wp-json\/wp\/v2\/posts\/76773","targetHints":{"allow":["GET"]}}],"collection":[{"href":"https:\/\/cdnoticias.com\/index.php\/wp-json\/wp\/v2\/posts"}],"about":[{"href":"https:\/\/cdnoticias.com\/index.php\/wp-json\/wp\/v2\/types\/post"}],"author":[{"embeddable":true,"href":"https:\/\/cdnoticias.com\/index.php\/wp-json\/wp\/v2\/users\/6"}],"replies":[{"embeddable":true,"href":"https:\/\/cdnoticias.com\/index.php\/wp-json\/wp\/v2\/comments?post=76773"}],"version-history":[{"count":0,"href":"https:\/\/cdnoticias.com\/index.php\/wp-json\/wp\/v2\/posts\/76773\/revisions"}],"wp:featuredmedia":[{"embeddable":true,"href":"https:\/\/cdnoticias.com\/index.php\/wp-json\/wp\/v2\/media\/76774"}],"wp:attachment":[{"href":"https:\/\/cdnoticias.com\/index.php\/wp-json\/wp\/v2\/media?parent=76773"}],"wp:term":[{"taxonomy":"category","embeddable":true,"href":"https:\/\/cdnoticias.com\/index.php\/wp-json\/wp\/v2\/categories?post=76773"},{"taxonomy":"post_tag","embeddable":true,"href":"https:\/\/cdnoticias.com\/index.php\/wp-json\/wp\/v2\/tags?post=76773"}],"curies":[{"name":"wp","href":"https:\/\/api.w.org\/{rel}","templated":true}]}}