{"id":76764,"date":"2023-02-11T19:00:11","date_gmt":"2023-02-11T22:00:11","guid":{"rendered":"https:\/\/www.centraldenoticias.com.ar\/?p=76764"},"modified":"2023-02-11T19:00:11","modified_gmt":"2023-02-11T22:00:11","slug":"celeste-arouxet-mostro-el-mal-estado-de-paradas-de-micros-y-cruces-a-colegios","status":"publish","type":"post","link":"https:\/\/cdnoticias.com\/index.php\/2023\/02\/11\/celeste-arouxet-mostro-el-mal-estado-de-paradas-de-micros-y-cruces-a-colegios\/","title":{"rendered":"Celeste Arouxet mostr\u00f3 el \u201cmal estado\u201d de paradas de micros y cruces a colegios"},"content":{"rendered":"<p>\u201cNo pasan de grado\u201d ironiz\u00f3 Ahora Olavarr\u00eda. \u201cEl pedido expreso es que haya una soluci\u00f3n antes del inicio de clases\u201d fue el planteo.<!--more--><\/p>\n<hr \/>\n<p>Desde <strong>Ahora Olavarr\u00eda<\/strong> se inform\u00f3 que <strong>presentaron una nota<\/strong> dirigida al intendente Galli para manifestar <strong>\u201cnuestra preocupaci\u00f3n por el mal estado de las paradas de micros y accesos a las escuelas. El pedido expreso es que haya una soluci\u00f3n antes del inicio de clases\u201d.\u00a0<\/strong>\u201cPlanificaci\u00f3n, Ejecuci\u00f3n y Liderazgo, las claves para llevar adelante una gesti\u00f3n exitosa. Pasi\u00f3n es la parte emocional que no debe faltar para estar presente en los m\u00ednimos detalles\u201d expres\u00f3<strong> Celeste Arouxet, concejal de Ahora Olavarr\u00eda<\/strong> a trav\u00e9s de un comunicado.<\/p>\n<p>&nbsp;<\/p>\n<p>\u201cA <strong>pocos d\u00edas de iniciarse las clases<\/strong>, donde miles de olavarrienses, trabajadores, alumnos y vecinos de Olavarr\u00eda utilizan el transporte p\u00fablico como \u00fanico medio de movilidad, he observado serias falencias que pueden resolverse con planificaci\u00f3n\u201d sostuvo.<\/p>\n<p>&nbsp;<\/p>\n<blockquote><p>Se\u00f1al\u00f3 que en recorridos por Olavarr\u00eda y las localidades advirti\u00f3 que \u201cnumerosas son las paradas de colectivos sin su respectivo refugio, algunos en malas condiciones, haciendo imposible su acceso por contar con pastizales, ramas, escombros y basura, obstruyendo el paso y siendo un peligro para quienes utilizan con mayor frecuencia el servicio a partir de los primeros d\u00edas de marzo\u201d.<\/p><\/blockquote>\n<p>&nbsp;<\/p>\n<p><img data-recalc-dims=\"1\" loading=\"lazy\" decoding=\"async\" class=\"size-full wp-image-76765 aligncenter\" src=\"https:\/\/i0.wp.com\/cdnoticias.com\/wp-content\/uploads\/2023\/02\/ahora-olavarria-parada-de-micros-0.jpg?resize=800%2C445&#038;ssl=1\" alt=\"\" width=\"800\" height=\"445\" srcset=\"https:\/\/i0.wp.com\/cdnoticias.com\/wp-content\/uploads\/2023\/02\/ahora-olavarria-parada-de-micros-0.jpg?w=1000&amp;ssl=1 1000w, https:\/\/i0.wp.com\/cdnoticias.com\/wp-content\/uploads\/2023\/02\/ahora-olavarria-parada-de-micros-0.jpg?resize=300%2C167&amp;ssl=1 300w, https:\/\/i0.wp.com\/cdnoticias.com\/wp-content\/uploads\/2023\/02\/ahora-olavarria-parada-de-micros-0.jpg?resize=768%2C427&amp;ssl=1 768w, https:\/\/i0.wp.com\/cdnoticias.com\/wp-content\/uploads\/2023\/02\/ahora-olavarria-parada-de-micros-0.jpg?resize=800%2C445&amp;ssl=1 800w\" sizes=\"auto, (max-width: 800px) 100vw, 800px\" \/><\/p>\n<p>&nbsp;<\/p>\n<p>La referente opositora se\u00f1al\u00f3 que \u201ctambi\u00e9n identifiqu\u00e9<strong> cruces a colegio de gesti\u00f3n p\u00fablica como privada en malas condiciones<\/strong>. Las veredas se encuentran en estado de abandono provocando que los alumnos transiten por la calle y crucen las intersecciones por lugares inapropiados, generando posibles focos de accidentes que lamentaremos todos los olavarrienses, y que podr\u00eda prevenirse con planificaci\u00f3n y coordinaci\u00f3n con los directivos de los colegios\u201d.<\/p>\n<p>&nbsp;<\/p>\n<p>M\u00e1s adelante la precandidata a Intendente de Javier Milei en Olavarr\u00eda indic\u00f3 que \u201c<strong>nuestra premisa es siempre la prevenci\u00f3n<\/strong> y justamente \u00e9sta, es la finalidad de la nota que enviamos al intendente Galli, para que tome cartas en el asunto y lleve adelante las acciones que crea conveniente para que a pocos d\u00edas de comenzar las clases, el transporte p\u00fablico y los accesos a las distintos establecimientos educativos, est\u00e9n en condiciones \u00f3ptimas&#8221;.<\/p>\n<p>&nbsp;<\/p>\n<p>El comunicado concluye, \u201cme pongo a disposici\u00f3n para colaborar desde el \u00e1mbito deliberativo, en instrumentar cualquier proyecto que el Ejecutivo requiera como instrumento, en caso que as\u00ed lo crea conveniente\u201d.<\/p>\n<p>&nbsp;<\/p>\n","protected":false},"excerpt":{"rendered":"<p>\u201cNo pasan de grado\u201d ironiz\u00f3 Ahora Olavarr\u00eda. \u201cEl pedido expreso es que haya una soluci\u00f3n antes del inicio de clases\u201d<\/p>\n","protected":false},"author":4,"featured_media":76766,"comment_status":"closed","ping_status":"closed","sticky":false,"template":"","format":"standard","meta":{"_jetpack_memberships_contains_paid_content":false,"footnotes":""},"categories":[4,1],"tags":[],"class_list":["post-76764","post","type-post","status-publish","format-standard","has-post-thumbnail","hentry","category-politica","category-portada"],"jetpack_featured_media_url":"https:\/\/i0.wp.com\/cdnoticias.com\/wp-content\/uploads\/2023\/02\/ahora-olavarria-parada-de-micros-1.jpg?fit=800%2C445&ssl=1","jetpack_sharing_enabled":true,"_links":{"self":[{"href":"https:\/\/cdnoticias.com\/index.php\/wp-json\/wp\/v2\/posts\/76764","targetHints":{"allow":["GET"]}}],"collection":[{"href":"https:\/\/cdnoticias.com\/index.php\/wp-json\/wp\/v2\/posts"}],"about":[{"href":"https:\/\/cdnoticias.com\/index.php\/wp-json\/wp\/v2\/types\/post"}],"author":[{"embeddable":true,"href":"https:\/\/cdnoticias.com\/index.php\/wp-json\/wp\/v2\/users\/4"}],"replies":[{"embeddable":true,"href":"https:\/\/cdnoticias.com\/index.php\/wp-json\/wp\/v2\/comments?post=76764"}],"version-history":[{"count":0,"href":"https:\/\/cdnoticias.com\/index.php\/wp-json\/wp\/v2\/posts\/76764\/revisions"}],"wp:featuredmedia":[{"embeddable":true,"href":"https:\/\/cdnoticias.com\/index.php\/wp-json\/wp\/v2\/media\/76766"}],"wp:attachment":[{"href":"https:\/\/cdnoticias.com\/index.php\/wp-json\/wp\/v2\/media?parent=76764"}],"wp:term":[{"taxonomy":"category","embeddable":true,"href":"https:\/\/cdnoticias.com\/index.php\/wp-json\/wp\/v2\/categories?post=76764"},{"taxonomy":"post_tag","embeddable":true,"href":"https:\/\/cdnoticias.com\/index.php\/wp-json\/wp\/v2\/tags?post=76764"}],"curies":[{"name":"wp","href":"https:\/\/api.w.org\/{rel}","templated":true}]}}