{"id":76745,"date":"2023-02-11T13:39:36","date_gmt":"2023-02-11T16:39:36","guid":{"rendered":"https:\/\/www.centraldenoticias.com.ar\/?p=76745"},"modified":"2023-02-11T18:01:46","modified_gmt":"2023-02-11T21:01:46","slug":"sigue-la-ola-de-calor-en-la-provincia","status":"publish","type":"post","link":"https:\/\/cdnoticias.com\/index.php\/2023\/02\/11\/sigue-la-ola-de-calor-en-la-provincia\/","title":{"rendered":"\u00bfSigue la ola de calor en la Provincia?"},"content":{"rendered":"<p>Olavarr\u00eda est\u00e1 en alerta amarillo por el calor y para la tarde del domingo se emiti\u00f3 una advertencia por \u201clluvias y tormentas de variada intensidad\u201d.<!--more--><\/p>\n<hr \/>\n<p>La <strong>ola de calor<\/strong> que arranc\u00f3 a principios de la semana sigue provocando<strong> alertas naranja y amarillo en pr\u00e1cticamente todo el territorio bonaerense<\/strong>. As\u00ed, Bah\u00eda Blanca fue la ciudad m\u00e1s calurosa del pa\u00eds, con un registro de 39,1 grados en la tarde del viernes.<\/p>\n<p>&nbsp;<\/p>\n<p>\u00bfCu\u00e1ndo termina esto? El Servicio Meteorol\u00f3gico Nacional (SMN) pronostic\u00f3 que <strong>las temperaturas extremas que afectan a la regi\u00f3n central del pa\u00eds comenzar\u00e1n a ceder entre el lunes y martes<\/strong> pr\u00f3ximos, como consecuencia de un frente fr\u00edo que avanzar\u00e1 desde el sur. Mientras tanto, el sur y el oeste bonaerenses est\u00e1n en alerta amarillo por tormentas, que pueden llegar desde esta misma tarde.<\/p>\n<p>&nbsp;<\/p>\n<p><strong>El pico de la ola de calor se espera para este s\u00e1bado<\/strong>, con temperaturas superiores a los 35 grados en CABA y el Conurbano bonaerense. Para el sur de la provincia de Buenos Aires hay alerta amarilla por temperaturas extremas y una gran franja del oeste est\u00e1 en nivel de advertencia naranja.<\/p>\n<p>&nbsp;<\/p>\n<blockquote><p>En ese marco, Olavarr\u00eda est\u00e1 en alerta amarillo por el calor: se espera una m\u00e1xima de 37\u00ba para este s\u00e1bado.<\/p><\/blockquote>\n<p>&nbsp;<\/p>\n<p>En tanto, <strong>para la tarde del domingo se emiti\u00f3 una advertencia por \u201clluvias y tormentas de variada intensidad\u201d<\/strong>. Este alerta, que incluye tambi\u00e9n a Laprida y La Madrid indica que el fen\u00f3meno estar\u00e1 acompa\u00f1ado <em>\u201cde r\u00e1fagas, ocasional ca\u00edda de granizo, fuerte actividad el\u00e9ctrica y fundamentalmente abundante ca\u00edda de agua en cortos per\u00edodos. Se esperan valores de precipitaci\u00f3n acumulada entre 30 y 50 mm, pudiendo ser superados en forma puntual\u201d<\/em>.<\/p>\n<p>&nbsp;<\/p>\n<figure id=\"attachment_76748\" aria-describedby=\"caption-attachment-76748\" style=\"width: 944px\" class=\"wp-caption aligncenter\"><img data-recalc-dims=\"1\" loading=\"lazy\" decoding=\"async\" class=\"wp-image-76748 size-full\" src=\"https:\/\/i0.wp.com\/cdnoticias.com\/wp-content\/uploads\/2023\/02\/SMN-temperaturas-extrema.jpg?resize=800%2C779&#038;ssl=1\" alt=\"\" width=\"800\" height=\"779\" srcset=\"https:\/\/i0.wp.com\/cdnoticias.com\/wp-content\/uploads\/2023\/02\/SMN-temperaturas-extrema.jpg?w=944&amp;ssl=1 944w, https:\/\/i0.wp.com\/cdnoticias.com\/wp-content\/uploads\/2023\/02\/SMN-temperaturas-extrema.jpg?resize=300%2C292&amp;ssl=1 300w, https:\/\/i0.wp.com\/cdnoticias.com\/wp-content\/uploads\/2023\/02\/SMN-temperaturas-extrema.jpg?resize=768%2C748&amp;ssl=1 768w\" sizes=\"auto, (max-width: 800px) 100vw, 800px\" \/><figcaption id=\"caption-attachment-76748\" class=\"wp-caption-text\">Alertas por altas temperaturas (SMN).<\/figcaption><\/figure>\n<p>&nbsp;<\/p>\n<p><span style=\"text-decoration: underline;\"><strong>Fin de semana de alivio<\/strong><\/span><\/p>\n<p>&nbsp;<\/p>\n<p>\u201cEste evento de altas temperaturas llegar\u00eda a su fin entre el s\u00e1bado 11 y el domingo 12 en la franja central del pa\u00eds a medida que un frente fr\u00edo avance desde el sur, mientras que en el norte del pa\u00eds las altas temperaturas podr\u00edan persistir hasta comienzos de la pr\u00f3xima semana\u201d, precis\u00f3 el reporte difundido el martes pasado por la agencia meteorol\u00f3gica.<\/p>\n<p>&nbsp;<\/p>\n<p>Para el domingo se espera un panorama similar al de este s\u00e1bado hasta el mediod\u00eda, pero despu\u00e9s comenzar\u00e1 a <strong>llegar aire fr\u00edo al centro del pa\u00eds proveniente de la Patagonia<\/strong>, en un frente que podr\u00eda derivar en lluvias y tormentas.<\/p>\n<p>&nbsp;<\/p>\n<p>En cuanto al pron\u00f3stico para la Costa Atl\u00e1ntica, es probable que se formen tormentas fuertes tras un mediod\u00eda de domingo caluroso.<\/p>\n<p>&nbsp;<\/p>\n<p><span style=\"text-decoration: underline;\"><strong>La octava del verano<\/strong><\/span><\/p>\n<p>&nbsp;<\/p>\n<blockquote><p>Desde el SMN, en tanto, afirmaron que la ola de calor constituye \u201cun r\u00e9cord\u201d. \u201cArgentina registra la octava ola de calor estival, cuando en la \u00faltima d\u00e9cada no hubo m\u00e1s de 4 o 5 episodios por temporada\u201d, aseguraron en un comunicado difundido en redes sociales.<\/p><\/blockquote>\n<p>&nbsp;<\/p>\n<figure id=\"attachment_76746\" aria-describedby=\"caption-attachment-76746\" style=\"width: 1024px\" class=\"wp-caption aligncenter\"><img data-recalc-dims=\"1\" loading=\"lazy\" decoding=\"async\" class=\"wp-image-76746 size-full\" src=\"https:\/\/i0.wp.com\/cdnoticias.com\/wp-content\/uploads\/2023\/02\/SMN-olas-de-calor.jpg?resize=800%2C577&#038;ssl=1\" alt=\"\" width=\"800\" height=\"577\" srcset=\"https:\/\/i0.wp.com\/cdnoticias.com\/wp-content\/uploads\/2023\/02\/SMN-olas-de-calor.jpg?w=1024&amp;ssl=1 1024w, https:\/\/i0.wp.com\/cdnoticias.com\/wp-content\/uploads\/2023\/02\/SMN-olas-de-calor.jpg?resize=300%2C217&amp;ssl=1 300w, https:\/\/i0.wp.com\/cdnoticias.com\/wp-content\/uploads\/2023\/02\/SMN-olas-de-calor.jpg?resize=768%2C554&amp;ssl=1 768w\" sizes=\"auto, (max-width: 800px) 100vw, 800px\" \/><figcaption id=\"caption-attachment-76746\" class=\"wp-caption-text\">Las ocho olas de calor que afectaron esta temporada al territorio nacional son \u201cr\u00e9cord\u201d. (SMN)<\/figcaption><\/figure>\n<p>&nbsp;<\/p>\n<p>\u201cEstas olas de calor en el pa\u00eds <strong>comenzaron a mediados de noviembre y se mantienen con interrupciones hasta la actualidad<\/strong>, afectando grandes extensiones del territorio\u201d, contin\u00faan.<\/p>\n<p>&nbsp;<\/p>\n<p>Y agregan que \u201csi consideramos los trimestres noviembre-diciembre-enero, el del 2022-2023 fue el <strong>m\u00e1s c\u00e1lido registrado desde 1961,<\/strong> con una anomal\u00eda de +1.7 \u00b0C\u201d.<\/p>\n<p>&nbsp;<\/p>\n<p>Fuentes: <em>SMN y Agencia DIB<\/em><\/p>\n<p>&nbsp;<\/p>\n","protected":false},"excerpt":{"rendered":"<p>Olavarr\u00eda est\u00e1 en alerta amarillo por el calor y para la tarde del domingo se emiti\u00f3 una advertencia por \u201clluvias<\/p>\n","protected":false},"author":4,"featured_media":76747,"comment_status":"closed","ping_status":"closed","sticky":false,"template":"","format":"standard","meta":{"_jetpack_memberships_contains_paid_content":false,"footnotes":""},"categories":[5,1],"tags":[],"class_list":["post-76745","post","type-post","status-publish","format-standard","has-post-thumbnail","hentry","category-informacion-general","category-portada"],"jetpack_featured_media_url":"https:\/\/i0.wp.com\/cdnoticias.com\/wp-content\/uploads\/2023\/02\/SMN-pronosticos-0.jpg?fit=1309%2C728&ssl=1","jetpack_sharing_enabled":true,"_links":{"self":[{"href":"https:\/\/cdnoticias.com\/index.php\/wp-json\/wp\/v2\/posts\/76745","targetHints":{"allow":["GET"]}}],"collection":[{"href":"https:\/\/cdnoticias.com\/index.php\/wp-json\/wp\/v2\/posts"}],"about":[{"href":"https:\/\/cdnoticias.com\/index.php\/wp-json\/wp\/v2\/types\/post"}],"author":[{"embeddable":true,"href":"https:\/\/cdnoticias.com\/index.php\/wp-json\/wp\/v2\/users\/4"}],"replies":[{"embeddable":true,"href":"https:\/\/cdnoticias.com\/index.php\/wp-json\/wp\/v2\/comments?post=76745"}],"version-history":[{"count":0,"href":"https:\/\/cdnoticias.com\/index.php\/wp-json\/wp\/v2\/posts\/76745\/revisions"}],"wp:featuredmedia":[{"embeddable":true,"href":"https:\/\/cdnoticias.com\/index.php\/wp-json\/wp\/v2\/media\/76747"}],"wp:attachment":[{"href":"https:\/\/cdnoticias.com\/index.php\/wp-json\/wp\/v2\/media?parent=76745"}],"wp:term":[{"taxonomy":"category","embeddable":true,"href":"https:\/\/cdnoticias.com\/index.php\/wp-json\/wp\/v2\/categories?post=76745"},{"taxonomy":"post_tag","embeddable":true,"href":"https:\/\/cdnoticias.com\/index.php\/wp-json\/wp\/v2\/tags?post=76745"}],"curies":[{"name":"wp","href":"https:\/\/api.w.org\/{rel}","templated":true}]}}