{"id":76651,"date":"2023-02-10T20:03:42","date_gmt":"2023-02-10T23:03:42","guid":{"rendered":"https:\/\/www.centraldenoticias.com.ar\/?p=76651"},"modified":"2023-02-11T10:14:51","modified_gmt":"2023-02-11T13:14:51","slug":"buscan-poner-en-marcha-el-consejo-local-de-promocion-y-proteccion-de-los-derechos-de-nino","status":"publish","type":"post","link":"https:\/\/cdnoticias.com\/index.php\/2023\/02\/10\/buscan-poner-en-marcha-el-consejo-local-de-promocion-y-proteccion-de-los-derechos-de-nino\/","title":{"rendered":"Buscan poner en marcha el Consejo Local de Promoci\u00f3n y Protecci\u00f3n de los derechos de Ni\u00f1o"},"content":{"rendered":"<p>Se trata de las concejalas del Frente de Todos Mercedes Landivar y Telma Cazot que impulsan un proyecto de Ordenanza en el Concejo Deliberante.<!--more--><\/p>\n<hr \/>\n<p>Las concejalas del Frente de Todos <strong>Mercedes Landivar y Telma Cazot,<\/strong> acompa\u00f1adas por la Secretaria del bloque Bel\u00e9n Abraham,<strong> mantuvieron una reuni\u00f3n junto a las Trabajadoras Sociales Mar\u00eda Jos\u00e9 Maidana y Malena Pianciola,<\/strong> para avanzar en un<strong> proyecto de ordenanza<\/strong> sobre puesta en marcha del <strong>Consejo Local de Promoci\u00f3n y Protecci\u00f3n de los derechos del Ni\u00f1o.<\/strong><\/p>\n<p>&nbsp;<\/p>\n<p>Cabe destacar que si bien en el a\u00f1o 2006, por medio del Decreto N\u00b0 1339, se cre\u00f3 en nuestro Municipio el Consejo local, el mismo<strong> no se encuentra en funcionamiento<\/strong>, al respecto las legisladoras expresaron: <em><strong>\u201cAdem\u00e1s, sostenemos que este no es acorde a la realidad social y las problem\u00e1ticas que atraviesan actualmente las infancias en nuestro Partido\u201d.<\/strong><\/em><\/p>\n<p>&nbsp;<\/p>\n<p><img data-recalc-dims=\"1\" loading=\"lazy\" decoding=\"async\" class=\"aligncenter wp-image-76659 size-full\" src=\"https:\/\/i0.wp.com\/cdnoticias.com\/wp-content\/uploads\/2023\/02\/WhatsApp-Image-2023-02-10-at-12.06.44.jpeg?resize=800%2C556&#038;ssl=1\" alt=\"\" width=\"800\" height=\"556\" srcset=\"https:\/\/i0.wp.com\/cdnoticias.com\/wp-content\/uploads\/2023\/02\/WhatsApp-Image-2023-02-10-at-12.06.44.jpeg?w=1537&amp;ssl=1 1537w, https:\/\/i0.wp.com\/cdnoticias.com\/wp-content\/uploads\/2023\/02\/WhatsApp-Image-2023-02-10-at-12.06.44.jpeg?resize=300%2C208&amp;ssl=1 300w, https:\/\/i0.wp.com\/cdnoticias.com\/wp-content\/uploads\/2023\/02\/WhatsApp-Image-2023-02-10-at-12.06.44.jpeg?resize=1024%2C712&amp;ssl=1 1024w, https:\/\/i0.wp.com\/cdnoticias.com\/wp-content\/uploads\/2023\/02\/WhatsApp-Image-2023-02-10-at-12.06.44.jpeg?resize=768%2C534&amp;ssl=1 768w, https:\/\/i0.wp.com\/cdnoticias.com\/wp-content\/uploads\/2023\/02\/WhatsApp-Image-2023-02-10-at-12.06.44.jpeg?resize=392%2C272&amp;ssl=1 392w, https:\/\/i0.wp.com\/cdnoticias.com\/wp-content\/uploads\/2023\/02\/WhatsApp-Image-2023-02-10-at-12.06.44.jpeg?resize=130%2C90&amp;ssl=1 130w\" sizes=\"auto, (max-width: 800px) 100vw, 800px\" \/><\/p>\n<p>&nbsp;<\/p>\n<p>Por su parte Landivar indic\u00f3 que &#8220;<em><strong>es necesario poder avanzar en una ordenanza superadora y m\u00e1s actual a los tiempos que corren, la cual permita tener un abordaje m\u00e1s integral e interdisciplinario de las problem\u00e1ticas de ni\u00f1as, ni\u00f1os y j\u00f3venes de Olavarr\u00eda&#8221;.<\/strong><\/em><\/p>\n<p>&nbsp;<\/p>\n<blockquote><p>\u201cEs imperioso ampliar las funciones que este Consejo debe tener, podemos destacar algunas tales como:\u00a0 crear un marco para pensar en pol\u00edticas p\u00fablicas para las infancias; elaborar diagn\u00f3sticos peri\u00f3dicos y actualizados de la situaci\u00f3n de la infancia y la adolescencia en el Partido de Olavarr\u00eda; asesorar al Departamento Ejecutivo, proponiendo el desarrollo de acciones, por los \u00f3rganos competentes, para la promoci\u00f3n y protecci\u00f3n de los derechos de ni\u00f1as, ni\u00f1os y adolescentes y elaborar aportes y sugerencias al cuerpo legislativo en relaci\u00f3n a leyes tendientes a trabajar por la protecci\u00f3n de las infancias\u201d detall\u00f3 Cazot.<\/p><\/blockquote>\n<p>&nbsp;<\/p>\n<p>Por \u00faltimo sostuvieron: <em>\u201c<strong>Es por todo esto que creemos necesario y urgente poder avanzar con la concreci\u00f3n de dicho Consejo y seguir trabajando por las infancias de nuestro Partido. En la reuni\u00f3n que mantuvimos el a\u00f1o pasado con el intendente Ezequiel Galli una de las prioridades que le manifestamos fue poder poner en marcha esta herramienta\u201d.<\/strong><\/em><\/p>\n<p>&nbsp;<\/p>\n","protected":false},"excerpt":{"rendered":"<p>Se trata de las concejalas del Frente de Todos Mercedes Landivar y Telma Cazot que impulsan un proyecto de Ordenanza<\/p>\n","protected":false},"author":6,"featured_media":76652,"comment_status":"closed","ping_status":"closed","sticky":false,"template":"","format":"standard","meta":{"_jetpack_memberships_contains_paid_content":false,"footnotes":""},"categories":[4,1],"tags":[],"class_list":["post-76651","post","type-post","status-publish","format-standard","has-post-thumbnail","hentry","category-politica","category-portada"],"jetpack_featured_media_url":"https:\/\/i0.wp.com\/cdnoticias.com\/wp-content\/uploads\/2023\/02\/WhatsApp-Image-2023-02-10-at-12.06.35.jpeg?fit=1445%2C937&ssl=1","jetpack_sharing_enabled":true,"_links":{"self":[{"href":"https:\/\/cdnoticias.com\/index.php\/wp-json\/wp\/v2\/posts\/76651","targetHints":{"allow":["GET"]}}],"collection":[{"href":"https:\/\/cdnoticias.com\/index.php\/wp-json\/wp\/v2\/posts"}],"about":[{"href":"https:\/\/cdnoticias.com\/index.php\/wp-json\/wp\/v2\/types\/post"}],"author":[{"embeddable":true,"href":"https:\/\/cdnoticias.com\/index.php\/wp-json\/wp\/v2\/users\/6"}],"replies":[{"embeddable":true,"href":"https:\/\/cdnoticias.com\/index.php\/wp-json\/wp\/v2\/comments?post=76651"}],"version-history":[{"count":0,"href":"https:\/\/cdnoticias.com\/index.php\/wp-json\/wp\/v2\/posts\/76651\/revisions"}],"wp:featuredmedia":[{"embeddable":true,"href":"https:\/\/cdnoticias.com\/index.php\/wp-json\/wp\/v2\/media\/76652"}],"wp:attachment":[{"href":"https:\/\/cdnoticias.com\/index.php\/wp-json\/wp\/v2\/media?parent=76651"}],"wp:term":[{"taxonomy":"category","embeddable":true,"href":"https:\/\/cdnoticias.com\/index.php\/wp-json\/wp\/v2\/categories?post=76651"},{"taxonomy":"post_tag","embeddable":true,"href":"https:\/\/cdnoticias.com\/index.php\/wp-json\/wp\/v2\/tags?post=76651"}],"curies":[{"name":"wp","href":"https:\/\/api.w.org\/{rel}","templated":true}]}}