{"id":76641,"date":"2023-02-10T09:06:25","date_gmt":"2023-02-10T12:06:25","guid":{"rendered":"https:\/\/www.centraldenoticias.com.ar\/?p=76641"},"modified":"2023-02-12T19:05:11","modified_gmt":"2023-02-12T22:05:11","slug":"ahora-olavarria-critico-el-mal-estado-de-paradas-de-micros-y-accesos-a-escuelas","status":"publish","type":"post","link":"https:\/\/cdnoticias.com\/index.php\/2023\/02\/10\/ahora-olavarria-critico-el-mal-estado-de-paradas-de-micros-y-accesos-a-escuelas\/","title":{"rendered":"Ahora Olavarr\u00eda critic\u00f3 \u201cel mal estado\u201d de paradas de micros y accesos a escuelas"},"content":{"rendered":"<p>Mediante un comunicado titulado \u201cNo pasan de grado\u201d, el espacio que tiene como referencia a Celeste Arouxet sali\u00f3 al cruce de la gesti\u00f3n municipal por falta de mantenimiento. <!--more--><\/p>\n<hr \/>\n<p>Luego de realizar una recorrida por diversos puntos de la ciudad, <strong>Ahora Olavarr\u00eda denunci\u00f3 que las paradas de colectivos y cruces de colegios \u201cno pasan de grado\u201d debido a la falta de mantenimiento, pasos altos y falta de se\u00f1alizaci\u00f3n.<\/strong><\/p>\n<p>&nbsp;<\/p>\n<p>La agrupaci\u00f3n present\u00f3 una nota al Intendente Galli <em>\u201cmanifestando nuestra preocupaci\u00f3n por el mal estado de las paradas de micros y accesos a las escuelas. El pedido expreso es que haya una soluci\u00f3n antes del inicio de clases\u201d.<\/em><\/p>\n<p>&nbsp;<\/p>\n<p>Celeste Arouxet dijo que la<em> \u201cplanificaci\u00f3n, ejecuci\u00f3n y liderazgo son las claves para llevar adelante una gesti\u00f3n exitosa. Pasi\u00f3n es la parte emocional que no debe faltar para estar presente en los m\u00ednimos detalles\u201d<\/em> y agreg\u00f3 que<strong><em> \u201ca pocos d\u00edas de iniciarse las clases, donde miles de olavarrienses, trabajadores, alumnos y vecinos de Olavarr\u00eda utilizan el transporte p\u00fablico como \u00fanico medio de movilidad, he observado serias falencias que pueden resolverse con planificaci\u00f3n\u201d.<\/em><\/strong><\/p>\n<p>&nbsp;<\/p>\n<p><img data-recalc-dims=\"1\" loading=\"lazy\" decoding=\"async\" class=\"alignnone size-full wp-image-76643\" src=\"https:\/\/i0.wp.com\/cdnoticias.com\/wp-content\/uploads\/2023\/02\/Diseno-sin-titulo-9.png?resize=800%2C533&#038;ssl=1\" alt=\"\" width=\"800\" height=\"533\" srcset=\"https:\/\/i0.wp.com\/cdnoticias.com\/wp-content\/uploads\/2023\/02\/Diseno-sin-titulo-9.png?w=900&amp;ssl=1 900w, https:\/\/i0.wp.com\/cdnoticias.com\/wp-content\/uploads\/2023\/02\/Diseno-sin-titulo-9.png?resize=300%2C200&amp;ssl=1 300w, https:\/\/i0.wp.com\/cdnoticias.com\/wp-content\/uploads\/2023\/02\/Diseno-sin-titulo-9.png?resize=768%2C512&amp;ssl=1 768w, https:\/\/i0.wp.com\/cdnoticias.com\/wp-content\/uploads\/2023\/02\/Diseno-sin-titulo-9.png?resize=272%2C182&amp;ssl=1 272w\" sizes=\"auto, (max-width: 800px) 100vw, 800px\" \/><\/p>\n<p>&nbsp;<\/p>\n<p>Se\u00f1al\u00f3 que en recorridas por la ciudad y las localidades <em>\u201cnumerosas son las paradas de colectivos sin su respectivo refugio, algunos en malas condiciones, haciendo imposible su acceso por contar con pastizales, ramas, escombros y basura, obstruyendo el paso y siendo un peligro para quienes utilizan con mayor frecuencia el servicio a partir de los primeros d\u00edas de marzo&#8221;.<\/em><\/p>\n<p>&nbsp;<\/p>\n<p>La referente opositora se\u00f1al\u00f3 que tambi\u00e9n identific\u00f3<em> \u201ccruces a colegios tanto de gesti\u00f3n p\u00fablica como privada en malas condiciones. <strong>Las veredas se encuentran en estado de abandono provocando que los alumnos transiten por la calle y crucen las intersecciones por lugares inapropiados<\/strong>, generando posibles focos de accidentes que lamentaremos todos los olavarrienses, y que podr\u00eda prevenirse con planificaci\u00f3n y coordinaci\u00f3n con los directivos de los colegios\u201d.<\/em><\/p>\n<p>&nbsp;<\/p>\n<p>M\u00e1s adelante la precandidata a Intendente de Javier Milei en Olavarr\u00eda indic\u00f3 que <em>\u201cnuestra premisa es siempre la prevenci\u00f3n y justamente esta es la finalidad de la nota que enviamos al intendente Galli, para que tome cartas en el asunto y lleve adelantes las acciones que crea conveniente para que, a pocos d\u00edas de comenzar las clases, el transporte p\u00fablico y los accesos a los distintos establecimientos educativos, est\u00e9n en condiciones \u00f3ptimas&#8221;.<\/em><\/p>\n<p>&nbsp;<\/p>\n<p>Finalmente, Arouxet se puso a disposici\u00f3n <strong><em>\u201cpara colaborar desde el \u00e1mbito deliberativo, en instrumentar cualquier proyecto que el Ejecutivo requiera como instrumento, en caso que as\u00ed lo crea conveniente\u201d.<\/em><\/strong><\/p>\n","protected":false},"excerpt":{"rendered":"<p>Mediante un comunicado titulado \u201cNo pasan de grado\u201d, el espacio que tiene como referencia a Celeste Arouxet sali\u00f3 al cruce<\/p>\n","protected":false},"author":2,"featured_media":76644,"comment_status":"closed","ping_status":"closed","sticky":false,"template":"","format":"standard","meta":{"_jetpack_memberships_contains_paid_content":false,"footnotes":""},"categories":[4,1],"tags":[],"class_list":["post-76641","post","type-post","status-publish","format-standard","has-post-thumbnail","hentry","category-politica","category-portada"],"jetpack_featured_media_url":"https:\/\/i0.wp.com\/cdnoticias.com\/wp-content\/uploads\/2023\/02\/Diseno-sin-titulo-8.png?fit=900%2C600&ssl=1","jetpack_sharing_enabled":true,"_links":{"self":[{"href":"https:\/\/cdnoticias.com\/index.php\/wp-json\/wp\/v2\/posts\/76641","targetHints":{"allow":["GET"]}}],"collection":[{"href":"https:\/\/cdnoticias.com\/index.php\/wp-json\/wp\/v2\/posts"}],"about":[{"href":"https:\/\/cdnoticias.com\/index.php\/wp-json\/wp\/v2\/types\/post"}],"author":[{"embeddable":true,"href":"https:\/\/cdnoticias.com\/index.php\/wp-json\/wp\/v2\/users\/2"}],"replies":[{"embeddable":true,"href":"https:\/\/cdnoticias.com\/index.php\/wp-json\/wp\/v2\/comments?post=76641"}],"version-history":[{"count":0,"href":"https:\/\/cdnoticias.com\/index.php\/wp-json\/wp\/v2\/posts\/76641\/revisions"}],"wp:featuredmedia":[{"embeddable":true,"href":"https:\/\/cdnoticias.com\/index.php\/wp-json\/wp\/v2\/media\/76644"}],"wp:attachment":[{"href":"https:\/\/cdnoticias.com\/index.php\/wp-json\/wp\/v2\/media?parent=76641"}],"wp:term":[{"taxonomy":"category","embeddable":true,"href":"https:\/\/cdnoticias.com\/index.php\/wp-json\/wp\/v2\/categories?post=76641"},{"taxonomy":"post_tag","embeddable":true,"href":"https:\/\/cdnoticias.com\/index.php\/wp-json\/wp\/v2\/tags?post=76641"}],"curies":[{"name":"wp","href":"https:\/\/api.w.org\/{rel}","templated":true}]}}