{"id":76597,"date":"2023-02-10T11:47:17","date_gmt":"2023-02-10T14:47:17","guid":{"rendered":"https:\/\/www.centraldenoticias.com.ar\/?p=76597"},"modified":"2023-02-10T17:16:44","modified_gmt":"2023-02-10T20:16:44","slug":"ezequiel-galli-recibira-a-los-adjudicatarios-de-las-tuvi-industrializadas-el-lunes","status":"publish","type":"post","link":"https:\/\/cdnoticias.com\/index.php\/2023\/02\/10\/ezequiel-galli-recibira-a-los-adjudicatarios-de-las-tuvi-industrializadas-el-lunes\/","title":{"rendered":"Ezequiel Galli recibir\u00e1 a los adjudicatarios de las TUVI industrializadas el lunes"},"content":{"rendered":"<p>Se reprogram\u00f3 la reuni\u00f3n que iba a realizarse este viernes. Los principales temas sobre los que esperan respuestas: cuatro casas con las que no est\u00e1n conformes y plazo de entrega.<\/p>\n<p><!--more--><\/p>\n<hr \/>\n<p>Los <strong>adjudicatarios de las viviendas TUVI industrializadas<\/strong> iban a reunirse este viernes con <strong>Ezequiel Galli<\/strong>, pero el encuentro fue reprogramado:<strong> se realizar\u00e1 el lunes.<\/strong><\/p>\n<p>&nbsp;<\/p>\n<p><strong>Central de Noticias<\/strong> pudo confirmar la novedad sobre la reorganizaci\u00f3n de dicha reuni\u00f3n, <strong>solicitada por los propios adjudicatarios<\/strong> en los contactos que mantuvieron <a href=\"https:\/\/cdnoticias.com\/index.php\/2023\/01\/21\/tuvi-industrializadas-hay-4-viviendas-con-las-que-no-estan-conformes\/\" target=\"_blank\" rel=\"noopener\">con el secretario de Obras P\u00fablicas, Julio Ferraro, durante el mes pasado<\/a>.<\/p>\n<p>&nbsp;<\/p>\n<blockquote><p>Respecto de la charla con el jefe comunal, <a href=\"https:\/\/cdnoticias.com\/index.php\/2023\/01\/24\/tuvi-industrializadas-adjudicatarios-se-reuniran-con-el-intendente-el-10-de-febrero\/\" target=\"_blank\" rel=\"noopener\">uno de los adjudicatarios se\u00f1al\u00f3 que esperan centralmente respuestas sobre dos aspectos<\/a>: \u201ccertezas\u201d respecto a los plazos de entrega y cuatro viviendas con las que no est\u00e1n conformes por sus condiciones edilicias y pretenden que no sean entregadas. \u201cHay cuatro casas que no vamos a aceptar. Est\u00e1n mal construidas\u201d dijo.<\/p><\/blockquote>\n<p>&nbsp;<\/p>\n<p>Por \u00faltimo, estaba prevista para este s\u00e1bado una <strong>nueva visita a la obra en el sector del Pickelado<\/strong>. Seg\u00fan se inform\u00f3, esa actividad tambi\u00e9n ser\u00e1 reprogramada debido al pron\u00f3stico de tormenta que se dict\u00f3 para esa jornada. El lunes, en la reuni\u00f3n con Ezequiel Galli, se podr\u00eda definir la fecha para la pr\u00f3xima recorrida por la obra.<\/p>\n<p>&nbsp;<\/p>\n<blockquote class=\"wp-embedded-content\" data-secret=\"zWcI0PyiqO\"><p><a href=\"https:\/\/cdnoticias.com\/index.php\/2023\/01\/19\/tuvi-nunca-nos-quedamos-en-el-problema-siempre-tratamos-de-solucionarlo\/\">TUVI: \u201cNunca nos quedamos en el problema, siempre tratamos de solucionarlo\u201d<\/a><\/p><\/blockquote>\n<p><iframe loading=\"lazy\" class=\"wp-embedded-content\" sandbox=\"allow-scripts\" security=\"restricted\" style=\"position: absolute; clip: rect(1px, 1px, 1px, 1px);\" title=\"&#8220;TUVI: \u201cNunca nos quedamos en el problema, siempre tratamos de solucionarlo\u201d&#8221; &#8212; Central de Noticias | Olavarr\u00eda\" src=\"https:\/\/cdnoticias.com\/index.php\/2023\/01\/19\/tuvi-nunca-nos-quedamos-en-el-problema-siempre-tratamos-de-solucionarlo\/embed\/#?secret=wGEkcrGS0T#?secret=zWcI0PyiqO\" data-secret=\"zWcI0PyiqO\" width=\"600\" height=\"338\" frameborder=\"0\" marginwidth=\"0\" marginheight=\"0\" scrolling=\"no\"><\/iframe><\/p>\n<p>&nbsp;<\/p>\n<p>&nbsp;<\/p>\n","protected":false},"excerpt":{"rendered":"<p>Se reprogram\u00f3 la reuni\u00f3n que iba a realizarse este viernes. Los principales temas sobre los que esperan respuestas: cuatro casas<\/p>\n","protected":false},"author":4,"featured_media":72917,"comment_status":"closed","ping_status":"closed","sticky":false,"template":"","format":"standard","meta":{"_jetpack_memberships_contains_paid_content":false,"footnotes":""},"categories":[5,1],"tags":[],"class_list":["post-76597","post","type-post","status-publish","format-standard","has-post-thumbnail","hentry","category-informacion-general","category-portada"],"jetpack_featured_media_url":"https:\/\/i0.wp.com\/cdnoticias.com\/wp-content\/uploads\/2022\/12\/TUVI-industrializada-tancredi.jpg?fit=800%2C445&ssl=1","jetpack_sharing_enabled":true,"_links":{"self":[{"href":"https:\/\/cdnoticias.com\/index.php\/wp-json\/wp\/v2\/posts\/76597","targetHints":{"allow":["GET"]}}],"collection":[{"href":"https:\/\/cdnoticias.com\/index.php\/wp-json\/wp\/v2\/posts"}],"about":[{"href":"https:\/\/cdnoticias.com\/index.php\/wp-json\/wp\/v2\/types\/post"}],"author":[{"embeddable":true,"href":"https:\/\/cdnoticias.com\/index.php\/wp-json\/wp\/v2\/users\/4"}],"replies":[{"embeddable":true,"href":"https:\/\/cdnoticias.com\/index.php\/wp-json\/wp\/v2\/comments?post=76597"}],"version-history":[{"count":0,"href":"https:\/\/cdnoticias.com\/index.php\/wp-json\/wp\/v2\/posts\/76597\/revisions"}],"wp:featuredmedia":[{"embeddable":true,"href":"https:\/\/cdnoticias.com\/index.php\/wp-json\/wp\/v2\/media\/72917"}],"wp:attachment":[{"href":"https:\/\/cdnoticias.com\/index.php\/wp-json\/wp\/v2\/media?parent=76597"}],"wp:term":[{"taxonomy":"category","embeddable":true,"href":"https:\/\/cdnoticias.com\/index.php\/wp-json\/wp\/v2\/categories?post=76597"},{"taxonomy":"post_tag","embeddable":true,"href":"https:\/\/cdnoticias.com\/index.php\/wp-json\/wp\/v2\/tags?post=76597"}],"curies":[{"name":"wp","href":"https:\/\/api.w.org\/{rel}","templated":true}]}}