{"id":76596,"date":"2023-02-10T19:11:33","date_gmt":"2023-02-10T22:11:33","guid":{"rendered":"https:\/\/www.centraldenoticias.com.ar\/?p=76596"},"modified":"2023-02-10T19:11:33","modified_gmt":"2023-02-10T22:11:33","slug":"alerta-por-altas-temperaturas-y-maximas-que-no-bajan-de-los-30-para-los-proximos-dias","status":"publish","type":"post","link":"https:\/\/cdnoticias.com\/index.php\/2023\/02\/10\/alerta-por-altas-temperaturas-y-maximas-que-no-bajan-de-los-30-para-los-proximos-dias\/","title":{"rendered":"Alerta por altas temperaturas y m\u00e1ximas que no bajan de los 30\u00b0 para los pr\u00f3ximos d\u00edas"},"content":{"rendered":"<p>Calor, calor y m\u00e1s calor es lo que tendremos que atravesar los olavarrienses durante los pr\u00f3ximos d\u00edas. Este viernes la temperatura llegar\u00e1 a los 36\u00b0. El s\u00e1bado hay probabilidad de tormentas pero la temperatura no baja.<!--more--><\/p>\n<hr \/>\n<p>Un d\u00eda m\u00e1s de calor y van\u2026 Olavarr\u00eda sigue incluida en una <strong>alerta amarilla por altas temperaturas<\/strong>, seg\u00fan indic\u00f3 el Servicio Meteorol\u00f3gico Nacional (SMN). Estas condiciones se repiten en gran parte de la provincia e incluso <strong>en varios distritos esa advertencia pas\u00f3 de \u201camarilla\u201d a \u201cnaranja\u201d.<\/strong><\/p>\n<p>&nbsp;<\/p>\n<p>En Olavarr\u00eda las temperaturas ser\u00e1n elevadas durante los pr\u00f3ximos d\u00edas. Sin embargo, <strong>este viernes alcanzar\u00e1 los 36\u00b0 con una humedad que supera el 70%. Una descripci\u00f3n del infierno, pr\u00e1cticamente.<\/strong><\/p>\n<p>&nbsp;<\/p>\n<p>El<strong> s\u00e1bado<\/strong> se presenta con la promesa de tormentas aisladas y chaparrones. \u00bfY la temperatura? <strong>La m\u00ednima se ubica en los 23\u00b0 y la m\u00e1xima en 33\u00b0. \u00a0<\/strong><\/p>\n<p>&nbsp;<\/p>\n<p><strong>Domingo y lunes comparten m\u00e1ximas: 31\u00b0.<\/strong> El domingo con probabilidad de tormentas aisladas y el lunes con cielo algo nublado.<\/p>\n<p>&nbsp;<\/p>\n<p><strong>Reci\u00e9n el martes 14 de febrero, la temperatura m\u00e1xima se ubicar\u00e1 por debajo de los 30\u00b0.<\/strong> Se prev\u00e9 que llegue a los 27\u00b0 y nos de algo de alivio ante tantos d\u00edas de calor.<\/p>\n<p>&nbsp;<\/p>\n<p><img data-recalc-dims=\"1\" loading=\"lazy\" decoding=\"async\" class=\"aligncenter size-full wp-image-76599\" src=\"https:\/\/i0.wp.com\/cdnoticias.com\/wp-content\/uploads\/2023\/02\/mapa_temp_extremas-2.png?resize=472%2C800&#038;ssl=1\" alt=\"\" width=\"472\" height=\"800\" srcset=\"https:\/\/i0.wp.com\/cdnoticias.com\/wp-content\/uploads\/2023\/02\/mapa_temp_extremas-2.png?w=472&amp;ssl=1 472w, https:\/\/i0.wp.com\/cdnoticias.com\/wp-content\/uploads\/2023\/02\/mapa_temp_extremas-2.png?resize=177%2C300&amp;ssl=1 177w\" sizes=\"auto, (max-width: 472px) 100vw, 472px\" \/><\/p>\n<p>&nbsp;<\/p>\n<p><strong>Otros est\u00e1n peor <\/strong><\/p>\n<p>&nbsp;<\/p>\n<p>Se encuentran bajo <strong>alerta \u201cnaranja\u201d<\/strong> La Plata, Berisso, Ensenada, General Alvear, General Belgrano, General Paz, Las Flores, Lobos, Monte, Navarro, Roque P\u00e9rez y Saladillo.<\/p>\n<p>&nbsp;<\/p>\n<p>Tambi\u00e9n Alberti, Bragado, Chivilcoy, General Viamonte, 9 de Julio, 25 de Mayo, Bol\u00edvar, Carlos Casares, Carlos Tejedor, Hip\u00f3lito Yrigoyen, Pehuaj\u00f3, Adolfo Alsina, Daireaux, Guamin\u00ed, Pelligrini, Salliquel\u00f3, Trenque Lauquen y Tres Lomas.<\/p>\n<p>&nbsp;<\/p>\n<p>Asimismo, el aviso \u201cnaranja\u201d alcanza a Puan, la zona norte de Bah\u00eda Blanca, el oeste de Patagones y Villarino, y la zona baja de Coronel Pringles, Coronel Su\u00e1rez, Saavedra y Tornquist.<\/p>\n<p>&nbsp;<\/p>\n<p><em>Foto: T\u00e9lam.\u00a0<\/em><\/p>\n","protected":false},"excerpt":{"rendered":"<p>Calor, calor y m\u00e1s calor es lo que tendremos que atravesar los olavarrienses durante los pr\u00f3ximos d\u00edas. Este viernes la<\/p>\n","protected":false},"author":5,"featured_media":72083,"comment_status":"closed","ping_status":"closed","sticky":false,"template":"","format":"standard","meta":{"_jetpack_memberships_contains_paid_content":false,"footnotes":""},"categories":[5,1],"tags":[],"class_list":["post-76596","post","type-post","status-publish","format-standard","has-post-thumbnail","hentry","category-informacion-general","category-portada"],"jetpack_featured_media_url":"https:\/\/i0.wp.com\/cdnoticias.com\/wp-content\/uploads\/2022\/12\/TELAM-calor.jpg?fit=800%2C445&ssl=1","jetpack_sharing_enabled":true,"_links":{"self":[{"href":"https:\/\/cdnoticias.com\/index.php\/wp-json\/wp\/v2\/posts\/76596","targetHints":{"allow":["GET"]}}],"collection":[{"href":"https:\/\/cdnoticias.com\/index.php\/wp-json\/wp\/v2\/posts"}],"about":[{"href":"https:\/\/cdnoticias.com\/index.php\/wp-json\/wp\/v2\/types\/post"}],"author":[{"embeddable":true,"href":"https:\/\/cdnoticias.com\/index.php\/wp-json\/wp\/v2\/users\/5"}],"replies":[{"embeddable":true,"href":"https:\/\/cdnoticias.com\/index.php\/wp-json\/wp\/v2\/comments?post=76596"}],"version-history":[{"count":0,"href":"https:\/\/cdnoticias.com\/index.php\/wp-json\/wp\/v2\/posts\/76596\/revisions"}],"wp:featuredmedia":[{"embeddable":true,"href":"https:\/\/cdnoticias.com\/index.php\/wp-json\/wp\/v2\/media\/72083"}],"wp:attachment":[{"href":"https:\/\/cdnoticias.com\/index.php\/wp-json\/wp\/v2\/media?parent=76596"}],"wp:term":[{"taxonomy":"category","embeddable":true,"href":"https:\/\/cdnoticias.com\/index.php\/wp-json\/wp\/v2\/categories?post=76596"},{"taxonomy":"post_tag","embeddable":true,"href":"https:\/\/cdnoticias.com\/index.php\/wp-json\/wp\/v2\/tags?post=76596"}],"curies":[{"name":"wp","href":"https:\/\/api.w.org\/{rel}","templated":true}]}}