{"id":76564,"date":"2023-02-09T19:30:22","date_gmt":"2023-02-09T22:30:22","guid":{"rendered":"https:\/\/www.centraldenoticias.com.ar\/?p=76564"},"modified":"2023-02-09T19:30:22","modified_gmt":"2023-02-09T22:30:22","slug":"pabellones-literarios-en-las-unidades-2-y-38-de-sierra-chica","status":"publish","type":"post","link":"https:\/\/cdnoticias.com\/index.php\/2023\/02\/09\/pabellones-literarios-en-las-unidades-2-y-38-de-sierra-chica\/","title":{"rendered":"Pabellones literarios en las Unidades 2 y 38 de Sierra Chica"},"content":{"rendered":"<p>El programa promueve talleres de lectura y escritura y otras actividades culturales, a trav\u00e9s del cumplimiento de normas de convivencia y el principio de no violencia. <!--more--><\/p>\n<hr \/>\n<p>Desde el mes de octubre de 2022, el <strong>Pabell\u00f3n N\u00b0 12 de M\u00e1xima Seguridad de la Unidad 38<\/strong>, forma parte del programa implementado por el Ministerio de Justicia en las distintas Unidades del Servicio Penitenciario Bonaerense (SPB).<\/p>\n<p>&nbsp;<\/p>\n<p>&#8220;En tan solo cuatro meses no solo se han cumplido los objetivos iniciales, sino que varios privados de la libertad de otros pabellones desean formar incorporarse al mismo&#8221; indicaron. <strong>C\u00e9sar<\/strong>, referente del Pabell\u00f3n 12 destac\u00f3 la importancia del programa: <em><strong>&#8220;Estamos pensando todo el tiempo en crear, nos reunimos a hacer la tarea que nos dejan y aprendemos mucho\u201d.\u00a0<\/strong><\/em><\/p>\n<p>&nbsp;<\/p>\n<p>Al respecto, <strong>Mat\u00edas Verna,<\/strong> periodista, docente, coordinador de Prensa de la Unidad y del Pabell\u00f3n Literario cont\u00f3: &#8220;<em>No dejamos de sorprendernos clase a clase, porque voluntariamente, concurren todos los lunes por la tarde, las profesoras Soledad Urbieta y Micaela Sbrancia y juntos elaboramos propuestas novedosas a partir de diferentes lecturas\u201d.<\/em><\/p>\n<p>&nbsp;<\/p>\n<p>Textos de<strong> Liliana Bodoc, Eduardo Galeano, Hern\u00e1n Casciari o Bernardo Penoucos,<\/strong> sumados a poemas de autores como <strong>Carlos Battilana, Elena Annibali, Nazim Hikmet<\/strong> entre otros.<\/p>\n<p>&nbsp;<\/p>\n<p><img data-recalc-dims=\"1\" loading=\"lazy\" decoding=\"async\" class=\"aligncenter wp-image-76567 size-full\" src=\"https:\/\/i0.wp.com\/cdnoticias.com\/wp-content\/uploads\/2023\/02\/pabellones-literario-u2-7.jpg?resize=800%2C600&#038;ssl=1\" alt=\"\" width=\"800\" height=\"600\" srcset=\"https:\/\/i0.wp.com\/cdnoticias.com\/wp-content\/uploads\/2023\/02\/pabellones-literario-u2-7.jpg?w=1040&amp;ssl=1 1040w, https:\/\/i0.wp.com\/cdnoticias.com\/wp-content\/uploads\/2023\/02\/pabellones-literario-u2-7.jpg?resize=300%2C225&amp;ssl=1 300w, https:\/\/i0.wp.com\/cdnoticias.com\/wp-content\/uploads\/2023\/02\/pabellones-literario-u2-7.jpg?resize=1024%2C768&amp;ssl=1 1024w, https:\/\/i0.wp.com\/cdnoticias.com\/wp-content\/uploads\/2023\/02\/pabellones-literario-u2-7.jpg?resize=768%2C576&amp;ssl=1 768w\" sizes=\"auto, (max-width: 800px) 100vw, 800px\" \/><\/p>\n<p>&nbsp;<\/p>\n<p>Adem\u00e1s, los participantes tambi\u00e9n <strong>evaluaron la idea de investigar las historias de vida de los integrantes del Seleccionado Argentino de F\u00fatbol<\/strong> con el objetivo de <strong>reforzar el sentido de identidad.<\/strong><\/p>\n<p>&nbsp;<\/p>\n<p>Soledad Urbieta cont\u00f3 su experiencia de concurrir al establecimiento penitenciario y expres\u00f3 que \u201c<strong><em>es un desaf\u00edo constante. Es intentar convertirse en un espacio de pensamiento donde logren realizar una interpretaci\u00f3n cr\u00edtica y creativa. Aunque el poder transmitir y motivar resulte complejo, la palabra toma un sentido importante\u201d.<\/em><\/strong><\/p>\n<p>&nbsp;<\/p>\n<p>Habitado con una poblaci\u00f3n que ronda los<strong> 80 internos,<\/strong> <strong>el pabell\u00f3n cuenta adem\u00e1s con dos bibliotecas<\/strong> que se incorporaron al momento de su inauguraci\u00f3n. Adem\u00e1s se sumaron expresiones art\u00edsticas que se ven reflejadas en las paredes.<\/p>\n<p>&nbsp;<\/p>\n<p>Por su parte Micaela Sbrancia cont\u00f3 que <em><strong>\u201ces un reto continuo, es una experiencia poco com\u00fan y eso es lo que la hace m\u00e1s interesante a\u00fan. Es aprender d\u00eda a d\u00eda\u201d<\/strong><\/em>. Del mismo modo, los internos alojados en la <strong>Unidad 2<\/strong> tambi\u00e9n participaron de la primera jornada de manera presencial de los <strong>pabellones literarios<\/strong>, a cargo del Profesor en Filosof\u00eda Cristian Su\u00e1rez y la religiosa Ang\u00e9lica Fern\u00e1ndez.<\/p>\n<p>&nbsp;<\/p>\n<p><img data-recalc-dims=\"1\" loading=\"lazy\" decoding=\"async\" class=\"aligncenter wp-image-76566 size-full\" src=\"https:\/\/i0.wp.com\/cdnoticias.com\/wp-content\/uploads\/2023\/02\/pabellones-literario-u2-9.jpg?resize=800%2C600&#038;ssl=1\" alt=\"\" width=\"800\" height=\"600\" srcset=\"https:\/\/i0.wp.com\/cdnoticias.com\/wp-content\/uploads\/2023\/02\/pabellones-literario-u2-9.jpg?w=1040&amp;ssl=1 1040w, https:\/\/i0.wp.com\/cdnoticias.com\/wp-content\/uploads\/2023\/02\/pabellones-literario-u2-9.jpg?resize=300%2C225&amp;ssl=1 300w, https:\/\/i0.wp.com\/cdnoticias.com\/wp-content\/uploads\/2023\/02\/pabellones-literario-u2-9.jpg?resize=1024%2C768&amp;ssl=1 1024w, https:\/\/i0.wp.com\/cdnoticias.com\/wp-content\/uploads\/2023\/02\/pabellones-literario-u2-9.jpg?resize=768%2C576&amp;ssl=1 768w\" sizes=\"auto, (max-width: 800px) 100vw, 800px\" \/><\/p>\n<p>&nbsp;<\/p>\n<p>Durante la jornada los talleristas hicieron su presentaci\u00f3n contando sus historias de vida e incentivando a los participantes a intercambiar las suyas, para poder trabajar sobre la resiliencia. El profesor Su\u00e1rez destac\u00f3 el poder transformador del taller y Leonardo, uno de los concurrentes expres\u00f3: \u201c<em><strong>el taller literario me cambi\u00f3 la forma de pensar\u201d.<\/strong><\/em><\/p>\n<p>&nbsp;<\/p>\n<p>El programa promueve <strong>talleres de lectura y escritura y otras actividades culturales<\/strong>, a trav\u00e9s del cumplimiento de <strong>normas de convivencia y el principio de no violencia.<\/strong><\/p>\n<p>&nbsp;<\/p>\n<p>En esta Unidad se desarrolla desde el a\u00f1o 2021 coordinado por el \u00e1rea de Cultura e implementado por<strong> talleristas voluntarios<\/strong> que mantienen v\u00eda zoom una cursada quincenal, contando adem\u00e1s con un espacio destinado a la <strong>traducci\u00f3n en Braille<\/strong> donde aproximadamente <strong>20 personas privadas de la libertad, traducen libros de cuentos infantiles<\/strong> y se trabaja escribiendo en interpuntos.<\/p>\n","protected":false},"excerpt":{"rendered":"<p>El programa promueve talleres de lectura y escritura y otras actividades culturales, a trav\u00e9s del cumplimiento de normas de convivencia<\/p>\n","protected":false},"author":6,"featured_media":76565,"comment_status":"closed","ping_status":"closed","sticky":false,"template":"","format":"standard","meta":{"_jetpack_memberships_contains_paid_content":false,"footnotes":""},"categories":[5,1],"tags":[],"class_list":["post-76564","post","type-post","status-publish","format-standard","has-post-thumbnail","hentry","category-informacion-general","category-portada"],"jetpack_featured_media_url":"https:\/\/i0.wp.com\/cdnoticias.com\/wp-content\/uploads\/2023\/02\/pabellones-literario-u2-4.jpg?fit=1040%2C780&ssl=1","jetpack_sharing_enabled":true,"_links":{"self":[{"href":"https:\/\/cdnoticias.com\/index.php\/wp-json\/wp\/v2\/posts\/76564","targetHints":{"allow":["GET"]}}],"collection":[{"href":"https:\/\/cdnoticias.com\/index.php\/wp-json\/wp\/v2\/posts"}],"about":[{"href":"https:\/\/cdnoticias.com\/index.php\/wp-json\/wp\/v2\/types\/post"}],"author":[{"embeddable":true,"href":"https:\/\/cdnoticias.com\/index.php\/wp-json\/wp\/v2\/users\/6"}],"replies":[{"embeddable":true,"href":"https:\/\/cdnoticias.com\/index.php\/wp-json\/wp\/v2\/comments?post=76564"}],"version-history":[{"count":0,"href":"https:\/\/cdnoticias.com\/index.php\/wp-json\/wp\/v2\/posts\/76564\/revisions"}],"wp:featuredmedia":[{"embeddable":true,"href":"https:\/\/cdnoticias.com\/index.php\/wp-json\/wp\/v2\/media\/76565"}],"wp:attachment":[{"href":"https:\/\/cdnoticias.com\/index.php\/wp-json\/wp\/v2\/media?parent=76564"}],"wp:term":[{"taxonomy":"category","embeddable":true,"href":"https:\/\/cdnoticias.com\/index.php\/wp-json\/wp\/v2\/categories?post=76564"},{"taxonomy":"post_tag","embeddable":true,"href":"https:\/\/cdnoticias.com\/index.php\/wp-json\/wp\/v2\/tags?post=76564"}],"curies":[{"name":"wp","href":"https:\/\/api.w.org\/{rel}","templated":true}]}}