{"id":76551,"date":"2023-02-09T15:51:39","date_gmt":"2023-02-09T18:51:39","guid":{"rendered":"https:\/\/www.centraldenoticias.com.ar\/?p=76551"},"modified":"2023-02-09T18:07:22","modified_gmt":"2023-02-09T21:07:22","slug":"con-35-de-termica-olavarria-sigue-bajo-una-alerta-amarilla-por-altas-temperaturas","status":"publish","type":"post","link":"https:\/\/cdnoticias.com\/index.php\/2023\/02\/09\/con-35-de-termica-olavarria-sigue-bajo-una-alerta-amarilla-por-altas-temperaturas\/","title":{"rendered":"Con 35\u00b0 de t\u00e9rmica, Olavarr\u00eda sigue bajo una alerta amarilla por altas temperaturas"},"content":{"rendered":"<p>La m\u00e1xima fue superada a las 15:00 horas dos d\u00e9cimas, marcando 33,2\u00b0. El viernes m\u00e1s calor, aunque por la noche llegar\u00edan las lluvias.<!--more--><\/p>\n<hr \/>\n<p>Olavarr\u00eda es un fuego. Al calor que nos tiene acostumbrados este verano, la sensaci\u00f3n t\u00e9rmica y la humedad no ayudan y <strong>el jueves ya se super\u00f3 la m\u00e1xima estimada, no s\u00f3lo en temperatura sino tambi\u00e9n en sensaci\u00f3n, que lleg\u00f3 a los 35 grados.<\/strong><\/p>\n<p>&nbsp;<\/p>\n<p>As\u00ed lo inform\u00f3 el Servicio Meteorol\u00f3gico Nacional, que<strong> en su marca de las 15:00 horas marc\u00f3 33,2\u00b0, apenas por encima de la m\u00e1xima de 33 estimada para este jueves.<\/strong> Sin embargo, la ausencia total de viento y la humedad del 42% hacen que la sensaci\u00f3n t\u00e9rmica sea mucho m\u00e1s alta, de 34,7\u00b0 y en algunos servicios informativos llega a los 35\u00b0.<\/p>\n<p>&nbsp;<\/p>\n<blockquote><p>Cabe recordar que se mantiene la alerta amarilla por altas temperaturas no s\u00f3lo para Olavarr\u00eda, sino para General La Madrid y Laprida. M\u00e1s de una veintena de distritos de la regi\u00f3n, por otra parte, est\u00e1n bajo alerta naranja, es decir, debieron extremar a\u00fan m\u00e1s los cuidados por las altas temperaturas.<\/p><\/blockquote>\n<p>&nbsp;<\/p>\n<p>Esta ola de calor -que estaba pronosticada y que promete ser peor- <strong>tendr\u00e1 un viernes casi de visita por el infierno: se prev\u00e9n 36 grados de m\u00e1xima, con la suba de la humedad y se espera que por la noche las lluvias traigan un poco de alivio.<\/strong><\/p>\n<p>&nbsp;<\/p>\n<p>La particularidad del pron\u00f3stico indica que, adem\u00e1s del calor, <strong>habr\u00e1 fuertes vientos que podr\u00edan alcanzar r\u00e1fagas de 50km\/h del sector norte.<\/strong><\/p>\n<p>&nbsp;<\/p>\n<p>La lluvia por ahora tiene un <strong>porcentaje bajo para la noche del viernes, mientras que se prev\u00e9 un porcentaje similar para el s\u00e1bado, con una m\u00e1xima alta de 34\u00b0, pero dos grados menos que este viernes.<\/strong><\/p>\n<p>&nbsp;<\/p>\n<p><strong>Reci\u00e9n el martes pr\u00f3ximo podr\u00eda llegar un peque\u00f1o alivio, con una m\u00e1xima estipulada de 26 grados.<\/strong> Calurosa, pero a esta altura&#8230;m\u00e1s que fresco.<\/p>\n","protected":false},"excerpt":{"rendered":"<p>La m\u00e1xima fue superada a las 15:00 horas dos d\u00e9cimas, marcando 33,2\u00b0. El viernes m\u00e1s calor, aunque por la noche<\/p>\n","protected":false},"author":2,"featured_media":12236,"comment_status":"closed","ping_status":"closed","sticky":false,"template":"","format":"standard","meta":{"_jetpack_memberships_contains_paid_content":false,"footnotes":""},"categories":[5,1],"tags":[],"class_list":["post-76551","post","type-post","status-publish","format-standard","has-post-thumbnail","hentry","category-informacion-general","category-portada"],"jetpack_featured_media_url":"https:\/\/i0.wp.com\/cdnoticias.com\/wp-content\/uploads\/2021\/01\/portada.jpg?fit=800%2C445&ssl=1","jetpack_sharing_enabled":true,"_links":{"self":[{"href":"https:\/\/cdnoticias.com\/index.php\/wp-json\/wp\/v2\/posts\/76551","targetHints":{"allow":["GET"]}}],"collection":[{"href":"https:\/\/cdnoticias.com\/index.php\/wp-json\/wp\/v2\/posts"}],"about":[{"href":"https:\/\/cdnoticias.com\/index.php\/wp-json\/wp\/v2\/types\/post"}],"author":[{"embeddable":true,"href":"https:\/\/cdnoticias.com\/index.php\/wp-json\/wp\/v2\/users\/2"}],"replies":[{"embeddable":true,"href":"https:\/\/cdnoticias.com\/index.php\/wp-json\/wp\/v2\/comments?post=76551"}],"version-history":[{"count":0,"href":"https:\/\/cdnoticias.com\/index.php\/wp-json\/wp\/v2\/posts\/76551\/revisions"}],"wp:featuredmedia":[{"embeddable":true,"href":"https:\/\/cdnoticias.com\/index.php\/wp-json\/wp\/v2\/media\/12236"}],"wp:attachment":[{"href":"https:\/\/cdnoticias.com\/index.php\/wp-json\/wp\/v2\/media?parent=76551"}],"wp:term":[{"taxonomy":"category","embeddable":true,"href":"https:\/\/cdnoticias.com\/index.php\/wp-json\/wp\/v2\/categories?post=76551"},{"taxonomy":"post_tag","embeddable":true,"href":"https:\/\/cdnoticias.com\/index.php\/wp-json\/wp\/v2\/tags?post=76551"}],"curies":[{"name":"wp","href":"https:\/\/api.w.org\/{rel}","templated":true}]}}