{"id":76538,"date":"2023-02-11T09:34:54","date_gmt":"2023-02-11T12:34:54","guid":{"rendered":"https:\/\/www.centraldenoticias.com.ar\/?p=76538"},"modified":"2023-02-11T10:24:46","modified_gmt":"2023-02-11T13:24:46","slug":"loma-negra-legisladores-del-frente-de-todos-recorrieron-la-localidad","status":"publish","type":"post","link":"https:\/\/cdnoticias.com\/index.php\/2023\/02\/11\/loma-negra-legisladores-del-frente-de-todos-recorrieron-la-localidad\/","title":{"rendered":"Loma Negra: legisladores del Frente de Todos recorrieron la localidad"},"content":{"rendered":"<p>Fue en el marco de la confirmaci\u00f3n de casos de gastroenterocolitis por consumo de agua no apta para el consumo. \u201cNos ponemos a disposici\u00f3n\u201d dijeron. <!--more--><\/p>\n<hr \/>\n<p>Este jueves,<strong> los concejales del interbloque del Frente de Todos, Natalia \u00c1lvarez y Ubaldo Garc\u00eda, recorrieron la localidad de Loma Negra luego de los numerosos casos confirmados de gastroenterocolitis.<\/strong><\/p>\n<p>&nbsp;<\/p>\n<p><img data-recalc-dims=\"1\" loading=\"lazy\" decoding=\"async\" class=\"alignnone size-large wp-image-76539\" src=\"https:\/\/i0.wp.com\/cdnoticias.com\/wp-content\/uploads\/2023\/02\/garcia-alvarez-ln2.jpg?resize=800%2C445&#038;ssl=1\" alt=\"\" width=\"800\" height=\"445\" srcset=\"https:\/\/i0.wp.com\/cdnoticias.com\/wp-content\/uploads\/2023\/02\/garcia-alvarez-ln2.jpg?resize=1024%2C569&amp;ssl=1 1024w, https:\/\/i0.wp.com\/cdnoticias.com\/wp-content\/uploads\/2023\/02\/garcia-alvarez-ln2.jpg?resize=300%2C167&amp;ssl=1 300w, https:\/\/i0.wp.com\/cdnoticias.com\/wp-content\/uploads\/2023\/02\/garcia-alvarez-ln2.jpg?resize=768%2C427&amp;ssl=1 768w, https:\/\/i0.wp.com\/cdnoticias.com\/wp-content\/uploads\/2023\/02\/garcia-alvarez-ln2.jpg?resize=1536%2C854&amp;ssl=1 1536w, https:\/\/i0.wp.com\/cdnoticias.com\/wp-content\/uploads\/2023\/02\/garcia-alvarez-ln2.jpg?resize=800%2C445&amp;ssl=1 800w, https:\/\/i0.wp.com\/cdnoticias.com\/wp-content\/uploads\/2023\/02\/garcia-alvarez-ln2.jpg?w=1597&amp;ssl=1 1597w\" sizes=\"auto, (max-width: 800px) 100vw, 800px\" \/><\/p>\n<p>&nbsp;<\/p>\n<blockquote><p>\u201cNos parec\u00eda importante ir a charlar con los vecinos y vecinas, escucharlos y ponernos a disposici\u00f3n. Aprovechamos para pasar por la Sociedad de Fomento donde estaban entregando agua. Cre\u00edamos necesario que supieran que cuentan con nosotros\u201d se\u00f1alaron.<\/p><\/blockquote>\n<p>&nbsp;<\/p>\n<p><img data-recalc-dims=\"1\" loading=\"lazy\" decoding=\"async\" class=\"alignnone size-large wp-image-76541\" src=\"https:\/\/i0.wp.com\/cdnoticias.com\/wp-content\/uploads\/2023\/02\/garcia-alvarez-ln.jpg?resize=800%2C445&#038;ssl=1\" alt=\"\" width=\"800\" height=\"445\" srcset=\"https:\/\/i0.wp.com\/cdnoticias.com\/wp-content\/uploads\/2023\/02\/garcia-alvarez-ln.jpg?resize=1024%2C569&amp;ssl=1 1024w, https:\/\/i0.wp.com\/cdnoticias.com\/wp-content\/uploads\/2023\/02\/garcia-alvarez-ln.jpg?resize=300%2C167&amp;ssl=1 300w, https:\/\/i0.wp.com\/cdnoticias.com\/wp-content\/uploads\/2023\/02\/garcia-alvarez-ln.jpg?resize=768%2C427&amp;ssl=1 768w, https:\/\/i0.wp.com\/cdnoticias.com\/wp-content\/uploads\/2023\/02\/garcia-alvarez-ln.jpg?resize=1536%2C854&amp;ssl=1 1536w, https:\/\/i0.wp.com\/cdnoticias.com\/wp-content\/uploads\/2023\/02\/garcia-alvarez-ln.jpg?resize=800%2C445&amp;ssl=1 800w, https:\/\/i0.wp.com\/cdnoticias.com\/wp-content\/uploads\/2023\/02\/garcia-alvarez-ln.jpg?w=1597&amp;ssl=1 1597w\" sizes=\"auto, (max-width: 800px) 100vw, 800px\" \/><\/p>\n<p>&nbsp;<\/p>\n<p>Dejaron en claro, en esa misma l\u00ednea, que <em>\u201csabemos que ya se est\u00e1 trabajando en el tema y esperamos que prontamente se encuentre una soluci\u00f3n a lo sucedido, no hay nada m\u00e1s importante que la salud de nuestros vecinos y vecinas&#8221;.<\/em><\/p>\n","protected":false},"excerpt":{"rendered":"<p>Fue en el marco de la confirmaci\u00f3n de casos de gastroenterocolitis por consumo de agua no apta para el consumo.<\/p>\n","protected":false},"author":2,"featured_media":76540,"comment_status":"closed","ping_status":"closed","sticky":false,"template":"","format":"standard","meta":{"_jetpack_memberships_contains_paid_content":false,"footnotes":""},"categories":[4,1],"tags":[],"class_list":["post-76538","post","type-post","status-publish","format-standard","has-post-thumbnail","hentry","category-politica","category-portada"],"jetpack_featured_media_url":"https:\/\/i0.wp.com\/cdnoticias.com\/wp-content\/uploads\/2023\/02\/garcia-alvarez-ln1.jpg?fit=1510%2C840&ssl=1","jetpack_sharing_enabled":true,"_links":{"self":[{"href":"https:\/\/cdnoticias.com\/index.php\/wp-json\/wp\/v2\/posts\/76538","targetHints":{"allow":["GET"]}}],"collection":[{"href":"https:\/\/cdnoticias.com\/index.php\/wp-json\/wp\/v2\/posts"}],"about":[{"href":"https:\/\/cdnoticias.com\/index.php\/wp-json\/wp\/v2\/types\/post"}],"author":[{"embeddable":true,"href":"https:\/\/cdnoticias.com\/index.php\/wp-json\/wp\/v2\/users\/2"}],"replies":[{"embeddable":true,"href":"https:\/\/cdnoticias.com\/index.php\/wp-json\/wp\/v2\/comments?post=76538"}],"version-history":[{"count":0,"href":"https:\/\/cdnoticias.com\/index.php\/wp-json\/wp\/v2\/posts\/76538\/revisions"}],"wp:featuredmedia":[{"embeddable":true,"href":"https:\/\/cdnoticias.com\/index.php\/wp-json\/wp\/v2\/media\/76540"}],"wp:attachment":[{"href":"https:\/\/cdnoticias.com\/index.php\/wp-json\/wp\/v2\/media?parent=76538"}],"wp:term":[{"taxonomy":"category","embeddable":true,"href":"https:\/\/cdnoticias.com\/index.php\/wp-json\/wp\/v2\/categories?post=76538"},{"taxonomy":"post_tag","embeddable":true,"href":"https:\/\/cdnoticias.com\/index.php\/wp-json\/wp\/v2\/tags?post=76538"}],"curies":[{"name":"wp","href":"https:\/\/api.w.org\/{rel}","templated":true}]}}