{"id":76532,"date":"2023-02-09T16:19:09","date_gmt":"2023-02-09T19:19:09","guid":{"rendered":"https:\/\/www.centraldenoticias.com.ar\/?p=76532"},"modified":"2023-02-09T16:19:09","modified_gmt":"2023-02-09T19:19:09","slug":"recuperaron-una-moto-robada-hace-un-mes","status":"publish","type":"post","link":"https:\/\/cdnoticias.com\/index.php\/2023\/02\/09\/recuperaron-una-moto-robada-hace-un-mes\/","title":{"rendered":"Recuperaron una moto robada hace un mes"},"content":{"rendered":"<p>Personal de Polic\u00eda Local hall\u00f3 el rodado en Circunvalaci\u00f3n y Del Valle. Iba al mando de un menor de edad.<\/p>\n<p><!--more--><\/p>\n<hr \/>\n<p>Personal de <strong>Motopolic\u00edas de Polic\u00eda Local<\/strong> recuper\u00f3 una moto que<strong> hab\u00eda sido robada hace un mes.<\/strong><\/p>\n<p>&nbsp;<\/p>\n<p>Se trata de una<strong> Motomel 110cc<\/strong> la cual hallaron al interceptar a su conductor en<strong> Circunvalaci\u00f3n y Del Valle.<\/strong><\/p>\n<p>&nbsp;<\/p>\n<p>Se indic\u00f3 que el veh\u00edculo iba al mando de un menor de edad.<\/p>\n<p>&nbsp;<\/p>\n<p>Sobre la Motomel, se constat\u00f3 que<strong> ten\u00eda pedido de secuestro emitido el 7 de enero de este a\u00f1o. <\/strong>La <strong>moto fue secuestrada<\/strong> y qued\u00f3 a disposici\u00f3n del magistrado interviniente.<\/p>\n<p>&nbsp;<\/p>\n","protected":false},"excerpt":{"rendered":"<p>Personal de Polic\u00eda Local hall\u00f3 el rodado en Circunvalaci\u00f3n y Del Valle. Iba al mando de un menor de edad.<\/p>\n","protected":false},"author":4,"featured_media":76533,"comment_status":"closed","ping_status":"closed","sticky":false,"template":"","format":"standard","meta":{"_jetpack_memberships_contains_paid_content":false,"footnotes":""},"categories":[14,1],"tags":[],"class_list":["post-76532","post","type-post","status-publish","format-standard","has-post-thumbnail","hentry","category-policiales","category-portada"],"jetpack_featured_media_url":"https:\/\/i0.wp.com\/cdnoticias.com\/wp-content\/uploads\/2023\/02\/moto-recuperada-circunvalacion-0.jpg?fit=800%2C445&ssl=1","jetpack_sharing_enabled":true,"_links":{"self":[{"href":"https:\/\/cdnoticias.com\/index.php\/wp-json\/wp\/v2\/posts\/76532","targetHints":{"allow":["GET"]}}],"collection":[{"href":"https:\/\/cdnoticias.com\/index.php\/wp-json\/wp\/v2\/posts"}],"about":[{"href":"https:\/\/cdnoticias.com\/index.php\/wp-json\/wp\/v2\/types\/post"}],"author":[{"embeddable":true,"href":"https:\/\/cdnoticias.com\/index.php\/wp-json\/wp\/v2\/users\/4"}],"replies":[{"embeddable":true,"href":"https:\/\/cdnoticias.com\/index.php\/wp-json\/wp\/v2\/comments?post=76532"}],"version-history":[{"count":0,"href":"https:\/\/cdnoticias.com\/index.php\/wp-json\/wp\/v2\/posts\/76532\/revisions"}],"wp:featuredmedia":[{"embeddable":true,"href":"https:\/\/cdnoticias.com\/index.php\/wp-json\/wp\/v2\/media\/76533"}],"wp:attachment":[{"href":"https:\/\/cdnoticias.com\/index.php\/wp-json\/wp\/v2\/media?parent=76532"}],"wp:term":[{"taxonomy":"category","embeddable":true,"href":"https:\/\/cdnoticias.com\/index.php\/wp-json\/wp\/v2\/categories?post=76532"},{"taxonomy":"post_tag","embeddable":true,"href":"https:\/\/cdnoticias.com\/index.php\/wp-json\/wp\/v2\/tags?post=76532"}],"curies":[{"name":"wp","href":"https:\/\/api.w.org\/{rel}","templated":true}]}}