{"id":76529,"date":"2023-02-09T10:48:41","date_gmt":"2023-02-09T13:48:41","guid":{"rendered":"https:\/\/www.centraldenoticias.com.ar\/?p=76529"},"modified":"2023-02-09T12:09:40","modified_gmt":"2023-02-09T15:09:40","slug":"asalto-en-el-centro-con-un-cuchillo-sustrajeron-un-celular","status":"publish","type":"post","link":"https:\/\/cdnoticias.com\/index.php\/2023\/02\/09\/asalto-en-el-centro-con-un-cuchillo-sustrajeron-un-celular\/","title":{"rendered":"Asalto en el centro: con un cuchillo sustrajeron un celular"},"content":{"rendered":"<p>Tres asaltantes fueron aprehendidos. Sobre uno de ellos se hab\u00eda emitido un pedido de captura. Circulaban en una moto que ten\u00eda pedido de secuestro.<!--more--><\/p>\n<hr \/>\n<p><strong>Tres hombres fueron aprehendidos<\/strong> en las \u00faltimas horas acusados de<strong> haber asaltado a una mujer<\/strong> en el sector del centro de Olavarr\u00eda.<\/p>\n<p>&nbsp;<\/p>\n<p>Seg\u00fan se inform\u00f3, un llamado al 911 alert\u00f3 al personal de Comando de Patrullas de Olavarr\u00eda que lleg\u00f3 hasta <strong>Sargento Cabral y 25 de Mayo<\/strong> donde arrest\u00f3 a tres hombres que <strong>circulaban en una motocicleta<\/strong> marca Gilera modelo Smash 110.<\/p>\n<p>&nbsp;<\/p>\n<blockquote><p>Fueron acusados de haber interceptado a una mujer, a quien amenazaron con un arma blanca y le robaron un tel\u00e9fono celular.<\/p><\/blockquote>\n<p>&nbsp;<\/p>\n<p>Al ser requisados, los efectivos hallaron que los<strong> tres hombres &#8211; de 21, 23 y 25 a\u00f1os- llevan tres cuchillos y el tel\u00e9fono celular sustra\u00eddo<\/strong>. Los elementos fueron recogidos para ser incorporados como prueba a la causa penal.<\/p>\n<p>&nbsp;<\/p>\n<p>Asimismo, al ser identificados los acusados se estableci\u00f3 que <strong>el hombre de 25 a\u00f1os presentaba pedido de captura activa<\/strong> a requerimiento del Juzgado de Garant\u00edas N\u00b0 2 de Olavarr\u00eda.<\/p>\n<p>&nbsp;<\/p>\n<p>A la par, se confirm\u00f3 tambi\u00e9n que <strong>sobre la moto Gilera se hab\u00eda emitido un pedido de secuestro<\/strong>, el cual est\u00e1 activo, a requerimiento de la Ayudant\u00eda Fiscal de Autores Ignorados.<\/p>\n<p>&nbsp;<\/p>\n<p>De esta manera, los aprehendidos fueron trasladados a la seccional Primera de Olavarr\u00eda. De la misma forma tambi\u00e9n fueron trasladados los cuchillos, el tel\u00e9fono robado y la moto.<\/p>\n<p>&nbsp;<\/p>\n<p>Se iniciaron actuaciones por <strong>\u201crobo agravado por el uso de arma\u201d con intervenci\u00f3n de la fiscal Paula Serrano de la UFI N\u00ba 4<\/strong>. Se dio intervenci\u00f3n al Juzgado de Garant\u00edas N\u00ba 2 y a la Ayudant\u00eda de Autores Ignorados respecto del hallazgo de la persona buscada y de la moto, respectivamente.<\/p>\n<p>&nbsp;<\/p>\n","protected":false},"excerpt":{"rendered":"<p>Tres asaltantes fueron aprehendidos. Sobre uno de ellos se hab\u00eda emitido un pedido de captura. Circulaban en una moto que<\/p>\n","protected":false},"author":4,"featured_media":76531,"comment_status":"closed","ping_status":"closed","sticky":false,"template":"","format":"standard","meta":{"_jetpack_memberships_contains_paid_content":false,"footnotes":""},"categories":[14,1],"tags":[],"class_list":["post-76529","post","type-post","status-publish","format-standard","has-post-thumbnail","hentry","category-policiales","category-portada"],"jetpack_featured_media_url":"https:\/\/i0.wp.com\/cdnoticias.com\/wp-content\/uploads\/2023\/02\/robo-sargento-cabral-y-25-de-mayo-00.jpg?fit=800%2C445&ssl=1","jetpack_sharing_enabled":true,"_links":{"self":[{"href":"https:\/\/cdnoticias.com\/index.php\/wp-json\/wp\/v2\/posts\/76529","targetHints":{"allow":["GET"]}}],"collection":[{"href":"https:\/\/cdnoticias.com\/index.php\/wp-json\/wp\/v2\/posts"}],"about":[{"href":"https:\/\/cdnoticias.com\/index.php\/wp-json\/wp\/v2\/types\/post"}],"author":[{"embeddable":true,"href":"https:\/\/cdnoticias.com\/index.php\/wp-json\/wp\/v2\/users\/4"}],"replies":[{"embeddable":true,"href":"https:\/\/cdnoticias.com\/index.php\/wp-json\/wp\/v2\/comments?post=76529"}],"version-history":[{"count":0,"href":"https:\/\/cdnoticias.com\/index.php\/wp-json\/wp\/v2\/posts\/76529\/revisions"}],"wp:featuredmedia":[{"embeddable":true,"href":"https:\/\/cdnoticias.com\/index.php\/wp-json\/wp\/v2\/media\/76531"}],"wp:attachment":[{"href":"https:\/\/cdnoticias.com\/index.php\/wp-json\/wp\/v2\/media?parent=76529"}],"wp:term":[{"taxonomy":"category","embeddable":true,"href":"https:\/\/cdnoticias.com\/index.php\/wp-json\/wp\/v2\/categories?post=76529"},{"taxonomy":"post_tag","embeddable":true,"href":"https:\/\/cdnoticias.com\/index.php\/wp-json\/wp\/v2\/tags?post=76529"}],"curies":[{"name":"wp","href":"https:\/\/api.w.org\/{rel}","templated":true}]}}