{"id":7652,"date":"2020-11-28T16:25:16","date_gmt":"2020-11-28T19:25:16","guid":{"rendered":"http:\/\/www.centraldenoticias.com.ar\/?p=7652"},"modified":"2020-11-28T18:01:12","modified_gmt":"2020-11-28T21:01:12","slug":"garantias-dicto-la-preventiva-de-un-joven-acusado-por-un-ataque-a-puntazos","status":"publish","type":"post","link":"https:\/\/cdnoticias.com\/index.php\/2020\/11\/28\/garantias-dicto-la-preventiva-de-un-joven-acusado-por-un-ataque-a-puntazos\/","title":{"rendered":"Garant\u00edas dict\u00f3 la preventiva de un joven acusado por un ataque a \u201cpuntazos\u201d"},"content":{"rendered":"<p>La medida hab\u00eda sido requerida de la fiscal\u00eda de la doctora Viviana Beyt\u00eda. La imputaci\u00f3n es por \u201chomicidio en grado de tentativa\u201d.<\/p>\n<p><!--more--><\/p>\n<hr \/>\n<p>En las \u00faltimas horas el Juzgado de Garant\u00edas acompa\u00f1\u00f3 el pedido que hab\u00eda sido elevado desde la fiscal\u00eda N\u00b010 en cuanto a la situaci\u00f3n procesal de <strong>un joven de 25 a\u00f1os, a quien se lo acusa de ser el autor de los \u201cpuntazos\u201d sufrido por un joven un a\u00f1o menor.<\/strong><\/p>\n<p>&nbsp;<\/p>\n<p><strong>El caso se registr\u00f3 a fines del pasado mes de octubre en las cercan\u00edas del cruce de Chacabuco y Juan XXIII, donde un joven de 24 a\u00f1os fue apu\u00f1alado en la regi\u00f3n tor\u00e1xica y axilar<\/strong>, de acuerdo con lo que se refiri\u00f3 por aquel entonces. La particularidad del hecho es que trascender\u00eda varias horas m\u00e1s tarde debido a que la v\u00edctima fue en una primera instancia auxiliada por personas de su entorno y fueron luego ellas mismas las que la remitieron al Hospital Municipal al agravarse su condici\u00f3n m\u00e9dica.<\/p>\n<p>&nbsp;<\/p>\n<p><img data-recalc-dims=\"1\" loading=\"lazy\" decoding=\"async\" class=\"alignnone size-large wp-image-1882\" src=\"https:\/\/i0.wp.com\/cdnoticias.com\/wp-content\/uploads\/2020\/09\/WhatsApp-Image-2020-08-31-at-16.11.41-4.jpeg?resize=800%2C600&#038;ssl=1\" alt=\"\" width=\"800\" height=\"600\" \/><\/p>\n<p>&nbsp;<\/p>\n<p>Las averiguaciones posteriores, llevadas adelante tanto desde la comisar\u00eda Primera como desde la SubDDI local, avanzaron sobre la presunta autor\u00eda de un joven domiciliado a pocos metros de lugar de los hechos, quien fue identificado como Enzo Del Pino y <a href=\"https:\/\/cdnoticias.com\/index.php\/2020\/10\/27\/un-detenido-por-el-ataque-a-puntazos-a-un-joven-de-24-anos\/\" target=\"_blank\" rel=\"noopener\">capturado en un allanamiento realizado d\u00edas despu\u00e9s<\/a>, todo a requisitoria de la fiscal Viviana Beyt\u00eda. <strong>En ese procedimiento se incaut\u00f3 adem\u00e1s un \u201celemento punzocortante\u201d que se presume que habr\u00eda sido utilizado en las agresiones<\/strong>.<\/p>\n<p>&nbsp;<\/p>\n<p>Horas m\u00e1s tarde fue trasladado a la sede judicial, donde fue imputado por \u201chomicidio simple en grado de tentativa\u201d y donde, adem\u00e1s, <a href=\"https:\/\/cdnoticias.com\/index.php\/2020\/10\/28\/se-nego-a-declarar-el-joven-acusado-por-tentativa-de-homicidio\/\" target=\"_blank\" rel=\"noopener\">hizo uso de su derecho a no prestar declaraci\u00f3n indagatoria cuando estuvo frente a funcionarios de la fiscal\u00eda N\u00b0 10.<\/a><\/p>\n<p>&nbsp;<\/p>\n<p>Ahora, tal cual se refiri\u00f3 a este portal, la novedad est\u00e1 dada en que <strong>el Juzgado de Garant\u00edas local dict\u00f3 la prisi\u00f3n preventiva del acusado<\/strong>, lo que prolongar\u00e1 su detenci\u00f3n, siempre y cuando no prospere un planteo en instancias superiores, como m\u00ednimo hasta el inicio del juicio en su contra.<\/p>\n","protected":false},"excerpt":{"rendered":"<p>La medida hab\u00eda sido requerida de la fiscal\u00eda de la doctora Viviana Beyt\u00eda. La imputaci\u00f3n es por \u201chomicidio en grado<\/p>\n","protected":false},"author":3,"featured_media":5120,"comment_status":"closed","ping_status":"closed","sticky":false,"template":"","format":"standard","meta":{"_jetpack_memberships_contains_paid_content":false,"footnotes":""},"categories":[14,1],"tags":[],"class_list":["post-7652","post","type-post","status-publish","format-standard","has-post-thumbnail","hentry","category-policiales","category-portada"],"jetpack_featured_media_url":"https:\/\/i0.wp.com\/cdnoticias.com\/wp-content\/uploads\/2020\/10\/del-pino.jpg?fit=1095%2C659&ssl=1","jetpack_sharing_enabled":true,"_links":{"self":[{"href":"https:\/\/cdnoticias.com\/index.php\/wp-json\/wp\/v2\/posts\/7652","targetHints":{"allow":["GET"]}}],"collection":[{"href":"https:\/\/cdnoticias.com\/index.php\/wp-json\/wp\/v2\/posts"}],"about":[{"href":"https:\/\/cdnoticias.com\/index.php\/wp-json\/wp\/v2\/types\/post"}],"author":[{"embeddable":true,"href":"https:\/\/cdnoticias.com\/index.php\/wp-json\/wp\/v2\/users\/3"}],"replies":[{"embeddable":true,"href":"https:\/\/cdnoticias.com\/index.php\/wp-json\/wp\/v2\/comments?post=7652"}],"version-history":[{"count":0,"href":"https:\/\/cdnoticias.com\/index.php\/wp-json\/wp\/v2\/posts\/7652\/revisions"}],"wp:featuredmedia":[{"embeddable":true,"href":"https:\/\/cdnoticias.com\/index.php\/wp-json\/wp\/v2\/media\/5120"}],"wp:attachment":[{"href":"https:\/\/cdnoticias.com\/index.php\/wp-json\/wp\/v2\/media?parent=7652"}],"wp:term":[{"taxonomy":"category","embeddable":true,"href":"https:\/\/cdnoticias.com\/index.php\/wp-json\/wp\/v2\/categories?post=7652"},{"taxonomy":"post_tag","embeddable":true,"href":"https:\/\/cdnoticias.com\/index.php\/wp-json\/wp\/v2\/tags?post=7652"}],"curies":[{"name":"wp","href":"https:\/\/api.w.org\/{rel}","templated":true}]}}