{"id":76492,"date":"2023-02-08T19:01:26","date_gmt":"2023-02-08T22:01:26","guid":{"rendered":"https:\/\/www.centraldenoticias.com.ar\/?p=76492"},"modified":"2023-02-08T20:07:04","modified_gmt":"2023-02-08T23:07:04","slug":"un-hombre-fue-detenido-por-alterar-el-orden-publico","status":"publish","type":"post","link":"https:\/\/cdnoticias.com\/index.php\/2023\/02\/08\/un-hombre-fue-detenido-por-alterar-el-orden-publico\/","title":{"rendered":"Un hombre fue detenido por alterar el orden p\u00fablico"},"content":{"rendered":"<p>Fue este mi\u00e9rcoles a ra\u00edz de un llamado al 911. El hombre se encontr\u00f3 en estado de ebriedad e incit\u00f3 a los polic\u00edas a pelear. <!--more--><\/p>\n<hr \/>\n<p>Este mi\u00e9rcoles <strong>Comando de Patrullas Olavarr\u00eda detuvo a un hombre por alterar el orden p\u00fablico<\/strong> a ra\u00edz de un llamado al 911 en la calle Vicente L\u00f3pez al 4200.<\/p>\n<p>&nbsp;<\/p>\n<p>Se indic\u00f3 que el <strong>hombre de 33 a\u00f1os estaba alterando el orden p\u00fablico en estado de ebriedad,<\/strong> y que al arribar el personal policial <strong>los incit\u00f3 a pelear<\/strong> por lo cual fue trasladado a sede de Comisar\u00eda Primera.<\/p>\n<p>&nbsp;<\/p>\n<p>El hecho fue caratulado como <strong>&#8220;Infracci\u00f3n art\u00edculos 35,72 y 74. Ley 8031&#8221;<\/strong> e interviene el Juzgado Correccional Olavarr\u00eda.<\/p>\n","protected":false},"excerpt":{"rendered":"<p>Fue este mi\u00e9rcoles a ra\u00edz de un llamado al 911. El hombre se encontr\u00f3 en estado de ebriedad e incit\u00f3<\/p>\n","protected":false},"author":6,"featured_media":76493,"comment_status":"closed","ping_status":"closed","sticky":false,"template":"","format":"standard","meta":{"_jetpack_memberships_contains_paid_content":false,"footnotes":""},"categories":[14,1],"tags":[],"class_list":["post-76492","post","type-post","status-publish","format-standard","has-post-thumbnail","hentry","category-policiales","category-portada"],"jetpack_featured_media_url":"https:\/\/i0.wp.com\/cdnoticias.com\/wp-content\/uploads\/2023\/02\/ordenpublicodetenido.png?fit=1185%2C523&ssl=1","jetpack_sharing_enabled":true,"_links":{"self":[{"href":"https:\/\/cdnoticias.com\/index.php\/wp-json\/wp\/v2\/posts\/76492","targetHints":{"allow":["GET"]}}],"collection":[{"href":"https:\/\/cdnoticias.com\/index.php\/wp-json\/wp\/v2\/posts"}],"about":[{"href":"https:\/\/cdnoticias.com\/index.php\/wp-json\/wp\/v2\/types\/post"}],"author":[{"embeddable":true,"href":"https:\/\/cdnoticias.com\/index.php\/wp-json\/wp\/v2\/users\/6"}],"replies":[{"embeddable":true,"href":"https:\/\/cdnoticias.com\/index.php\/wp-json\/wp\/v2\/comments?post=76492"}],"version-history":[{"count":0,"href":"https:\/\/cdnoticias.com\/index.php\/wp-json\/wp\/v2\/posts\/76492\/revisions"}],"wp:featuredmedia":[{"embeddable":true,"href":"https:\/\/cdnoticias.com\/index.php\/wp-json\/wp\/v2\/media\/76493"}],"wp:attachment":[{"href":"https:\/\/cdnoticias.com\/index.php\/wp-json\/wp\/v2\/media?parent=76492"}],"wp:term":[{"taxonomy":"category","embeddable":true,"href":"https:\/\/cdnoticias.com\/index.php\/wp-json\/wp\/v2\/categories?post=76492"},{"taxonomy":"post_tag","embeddable":true,"href":"https:\/\/cdnoticias.com\/index.php\/wp-json\/wp\/v2\/tags?post=76492"}],"curies":[{"name":"wp","href":"https:\/\/api.w.org\/{rel}","templated":true}]}}