{"id":76466,"date":"2023-02-08T17:30:45","date_gmt":"2023-02-08T20:30:45","guid":{"rendered":"https:\/\/www.centraldenoticias.com.ar\/?p=76466"},"modified":"2023-02-08T17:30:45","modified_gmt":"2023-02-08T20:30:45","slug":"jornada-de-vacunacion-en-sierra-chica","status":"publish","type":"post","link":"https:\/\/cdnoticias.com\/index.php\/2023\/02\/08\/jornada-de-vacunacion-en-sierra-chica\/","title":{"rendered":"Jornada de vacunaci\u00f3n en Sierra Chica"},"content":{"rendered":"<p>Ser\u00e1 este jueves 9 de febrero en el &#8220;Parque la Hormiga&#8221;. Adem\u00e1s se realizar\u00e1n controles de salud. <!--more--><\/p>\n<hr \/>\n<p><strong>Regi\u00f3n Sanitaria IX<\/strong> inform\u00f3 que este <strong>jueves 9 de febrero<\/strong> se realizar\u00e1 una <strong>nueva jornada de vacunaci\u00f3n en Sierra Chica.\u00a0<\/strong><\/p>\n<p>&nbsp;<\/p>\n<p>Ser\u00e1 en el <strong>&#8220;Parque la Hormiga<\/strong>&#8221; ubicado en <strong>avenida Catriel y P. Sbardolini<\/strong> en el horario de <strong>9:00 a 12:00<\/strong> donde se llevar\u00e1n a cabo distintas actividades de promoci\u00f3n de la salud.<\/p>\n<p>&nbsp;<\/p>\n<p><img data-recalc-dims=\"1\" loading=\"lazy\" decoding=\"async\" class=\"aligncenter wp-image-76467 size-full\" src=\"https:\/\/i0.wp.com\/cdnoticias.com\/wp-content\/uploads\/2023\/02\/FoZ4QvHXsAI3VuD.jpg?resize=800%2C800&#038;ssl=1\" alt=\"\" width=\"800\" height=\"800\" srcset=\"https:\/\/i0.wp.com\/cdnoticias.com\/wp-content\/uploads\/2023\/02\/FoZ4QvHXsAI3VuD.jpg?w=2048&amp;ssl=1 2048w, https:\/\/i0.wp.com\/cdnoticias.com\/wp-content\/uploads\/2023\/02\/FoZ4QvHXsAI3VuD.jpg?resize=300%2C300&amp;ssl=1 300w, https:\/\/i0.wp.com\/cdnoticias.com\/wp-content\/uploads\/2023\/02\/FoZ4QvHXsAI3VuD.jpg?resize=1024%2C1024&amp;ssl=1 1024w, https:\/\/i0.wp.com\/cdnoticias.com\/wp-content\/uploads\/2023\/02\/FoZ4QvHXsAI3VuD.jpg?resize=150%2C150&amp;ssl=1 150w, https:\/\/i0.wp.com\/cdnoticias.com\/wp-content\/uploads\/2023\/02\/FoZ4QvHXsAI3VuD.jpg?resize=768%2C768&amp;ssl=1 768w, https:\/\/i0.wp.com\/cdnoticias.com\/wp-content\/uploads\/2023\/02\/FoZ4QvHXsAI3VuD.jpg?resize=1536%2C1536&amp;ssl=1 1536w, https:\/\/i0.wp.com\/cdnoticias.com\/wp-content\/uploads\/2023\/02\/FoZ4QvHXsAI3VuD.jpg?w=1600&amp;ssl=1 1600w\" sizes=\"auto, (max-width: 800px) 100vw, 800px\" \/>Por \u00faltimo se indic\u00f3 que en la jornada se podr\u00e1 <strong>completar el esquema de vacunaci\u00f3n de Covid 19<\/strong> as\u00ed como tambi\u00e9n del <strong>calendario regular.<\/strong> Adem\u00e1s se estar\u00e1n realizando controles de salud.<\/p>\n<p>&nbsp;<\/p>\n<p>&nbsp;<\/p>\n<p>&nbsp;<\/p>\n","protected":false},"excerpt":{"rendered":"<p>Ser\u00e1 este jueves 9 de febrero en el &#8220;Parque la Hormiga&#8221;. Adem\u00e1s se realizar\u00e1n controles de salud.<\/p>\n","protected":false},"author":6,"featured_media":33382,"comment_status":"closed","ping_status":"closed","sticky":false,"template":"","format":"standard","meta":{"_jetpack_memberships_contains_paid_content":false,"footnotes":""},"categories":[16,1],"tags":[],"class_list":["post-76466","post","type-post","status-publish","format-standard","has-post-thumbnail","hentry","category-covid-19","category-portada"],"jetpack_featured_media_url":"https:\/\/i0.wp.com\/cdnoticias.com\/wp-content\/uploads\/2021\/09\/DIB-vacunas-covid.jpg?fit=696%2C407&ssl=1","jetpack_sharing_enabled":true,"_links":{"self":[{"href":"https:\/\/cdnoticias.com\/index.php\/wp-json\/wp\/v2\/posts\/76466","targetHints":{"allow":["GET"]}}],"collection":[{"href":"https:\/\/cdnoticias.com\/index.php\/wp-json\/wp\/v2\/posts"}],"about":[{"href":"https:\/\/cdnoticias.com\/index.php\/wp-json\/wp\/v2\/types\/post"}],"author":[{"embeddable":true,"href":"https:\/\/cdnoticias.com\/index.php\/wp-json\/wp\/v2\/users\/6"}],"replies":[{"embeddable":true,"href":"https:\/\/cdnoticias.com\/index.php\/wp-json\/wp\/v2\/comments?post=76466"}],"version-history":[{"count":0,"href":"https:\/\/cdnoticias.com\/index.php\/wp-json\/wp\/v2\/posts\/76466\/revisions"}],"wp:featuredmedia":[{"embeddable":true,"href":"https:\/\/cdnoticias.com\/index.php\/wp-json\/wp\/v2\/media\/33382"}],"wp:attachment":[{"href":"https:\/\/cdnoticias.com\/index.php\/wp-json\/wp\/v2\/media?parent=76466"}],"wp:term":[{"taxonomy":"category","embeddable":true,"href":"https:\/\/cdnoticias.com\/index.php\/wp-json\/wp\/v2\/categories?post=76466"},{"taxonomy":"post_tag","embeddable":true,"href":"https:\/\/cdnoticias.com\/index.php\/wp-json\/wp\/v2\/tags?post=76466"}],"curies":[{"name":"wp","href":"https:\/\/api.w.org\/{rel}","templated":true}]}}