{"id":76459,"date":"2023-02-08T14:28:27","date_gmt":"2023-02-08T17:28:27","guid":{"rendered":"https:\/\/www.centraldenoticias.com.ar\/?p=76459"},"modified":"2023-02-08T17:23:21","modified_gmt":"2023-02-08T20:23:21","slug":"agua-en-loma-negra-salud-espera-para-este-jueves-los-resultados-de-los-analisis","status":"publish","type":"post","link":"https:\/\/cdnoticias.com\/index.php\/2023\/02\/08\/agua-en-loma-negra-salud-espera-para-este-jueves-los-resultados-de-los-analisis\/","title":{"rendered":"Agua en Loma Negra: Salud espera para este jueves los resultados de los an\u00e1lisis"},"content":{"rendered":"<p>Lo indic\u00f3 el secretario, Germ\u00e1n Caputo, quien destac\u00f3 la labor conjunta del CAPS, Sociedad de Fomento, Direcci\u00f3n de Epidemiolog\u00eda y Bromatolog\u00eda. \u201cUn tema que pod\u00eda llegar a ser grave se manej\u00f3 r\u00e1pidamente\u201d sostuvo.<!--more--><\/p>\n<hr \/>\n<p>Se mantiene el <strong>tratamiento especial del agua en Loma Negra<\/strong> con la cloraci\u00f3n en el marco de la situaci\u00f3n que se declar\u00f3 la semana pasada donde, tras detectar numerosos casos de gastroenterocolitis <a href=\"https:\/\/cdnoticias.com\/index.php\/2023\/02\/02\/bromatologia-determino-que-el-agua-de-loma-negra-no-es-apta-para-el-consumo\/\" target=\"_blank\" rel=\"noopener\">se estableci\u00f3 que el agua no era apta para el consumo humano<\/a>.<\/p>\n<p>&nbsp;<\/p>\n<p><strong>Central de Noticias<\/strong> consult\u00f3 este mi\u00e9rcoles al <strong>secretario de Salud municipal, Germ\u00e1n Caputo<\/strong>, quien indic\u00f3 que <strong>se sostiene a\u00fan la condici\u00f3n de no apta para el consumo humano<\/strong> ya que a\u00fan no se recibieron los <strong>resultados de los \u00faltimos an\u00e1lisis<\/strong> realizados el d\u00eda lunes.<\/p>\n<p>&nbsp;<\/p>\n<blockquote><p>El funcionario estim\u00f3 que este jueves se podr\u00e1 conocer ese resultado y all\u00ed se determinar\u00e1 si nuevamente el agua es apta para el consumo de los vecinos de Loma Negra.<\/p><\/blockquote>\n<p>&nbsp;<\/p>\n<p>En tanto, la <strong>Sociedad de Fomento de Villa Alfredo Fortabat<\/strong> inform\u00f3 que <strong>\u201cse est\u00e1 clorando en forma especial\u201d<\/strong> el agua con lo que se emitieron m\u00e1s recomendaciones a los usuarios, entre ellas <em>\u201cverificar la limpieza de tanques de reserva y sus tapas con roturas o entrada de agua\u201d<\/em>, <em>\u201cpurgar las ca\u00f1er\u00edas cuando observen exceso de cloro con el agua\u201d<\/em> y a quienes no poseen tanques, se sugiri\u00f3<em> \u201cdejar correr agua para purgar las ca\u00f1er\u00edas\u201d<\/em>.<\/p>\n<p>&nbsp;<\/p>\n<figure id=\"attachment_76460\" aria-describedby=\"caption-attachment-76460\" style=\"width: 800px\" class=\"wp-caption aligncenter\"><img data-recalc-dims=\"1\" loading=\"lazy\" decoding=\"async\" class=\"wp-image-76460 size-full\" src=\"https:\/\/i0.wp.com\/cdnoticias.com\/wp-content\/uploads\/2023\/02\/agua-loma-negra-0.jpg?resize=800%2C672&#038;ssl=1\" alt=\"\" width=\"800\" height=\"672\" srcset=\"https:\/\/i0.wp.com\/cdnoticias.com\/wp-content\/uploads\/2023\/02\/agua-loma-negra-0.jpg?w=800&amp;ssl=1 800w, https:\/\/i0.wp.com\/cdnoticias.com\/wp-content\/uploads\/2023\/02\/agua-loma-negra-0.jpg?resize=300%2C252&amp;ssl=1 300w, https:\/\/i0.wp.com\/cdnoticias.com\/wp-content\/uploads\/2023\/02\/agua-loma-negra-0.jpg?resize=768%2C645&amp;ssl=1 768w\" sizes=\"auto, (max-width: 800px) 100vw, 800px\" \/><figcaption id=\"caption-attachment-76460\" class=\"wp-caption-text\">Cloradores autom\u00e1ticos colocados en el tanque de la Villa Vieja por la Sociedad de Fomento y la toma de muestras de agua a la bomba.<\/figcaption><\/figure>\n<p>&nbsp;<\/p>\n<p>El secretario Germ\u00e1n Caputo record\u00f3 que \u201cel tema empez\u00f3 con que nosotros <strong>notamos un aumento en los casos de enterocolitis.<\/strong> Despu\u00e9s, haciendo una evaluaci\u00f3n epidemiol\u00f3gica a fondo con la ayuda de la gente de Bromatolog\u00eda -que fue la que hizo el an\u00e1lisis del agua- se determin\u00f3 que el agua no era apta para el consumo humano\u201d, tal como se comunic\u00f3 de manera oficial el jueves 2 de febrero.<\/p>\n<p>&nbsp;<\/p>\n<blockquote><p>En ese marco, el titular de Salud se\u00f1al\u00f3 que \u201c<a href=\"https:\/\/cdnoticias.com\/index.php\/2023\/02\/03\/reunion-entre-referentes-del-area-de-salud-con-la-sociedad-de-fomento-de-loma-negra\/\" target=\"_blank\" rel=\"noopener\">se habl\u00f3 de los encargados de la provisi\u00f3n del agua<\/a> y se actu\u00f3. Se tomaron nuevas muestras el lunes que calculo que ma\u00f1ana -jueves- van a estar los resultados\u201d.<\/p><\/blockquote>\n<p>&nbsp;<\/p>\n<p><strong>Los estudios se llevan adelante en la Direcci\u00f3n de Bromatolog\u00eda<\/strong> y el m\u00e9dico indic\u00f3 que una vez que se conozcan los resultados se dar\u00e1n a conocer tambi\u00e9n de forma oficial desde el Municipio.<\/p>\n<p>&nbsp;<\/p>\n<figure id=\"attachment_76461\" aria-describedby=\"caption-attachment-76461\" style=\"width: 650px\" class=\"wp-caption aligncenter\"><img data-recalc-dims=\"1\" loading=\"lazy\" decoding=\"async\" class=\"wp-image-76461 size-full\" src=\"https:\/\/i0.wp.com\/cdnoticias.com\/wp-content\/uploads\/2023\/02\/agua-loma-negra-1.jpg?resize=650%2C596&#038;ssl=1\" alt=\"\" width=\"650\" height=\"596\" srcset=\"https:\/\/i0.wp.com\/cdnoticias.com\/wp-content\/uploads\/2023\/02\/agua-loma-negra-1.jpg?w=650&amp;ssl=1 650w, https:\/\/i0.wp.com\/cdnoticias.com\/wp-content\/uploads\/2023\/02\/agua-loma-negra-1.jpg?resize=300%2C275&amp;ssl=1 300w\" sizes=\"auto, (max-width: 650px) 100vw, 650px\" \/><figcaption id=\"caption-attachment-76461\" class=\"wp-caption-text\">Toma de muestras por parte del personal de Bromatolog\u00eda municipal.<\/figcaption><\/figure>\n<p>&nbsp;<\/p>\n<p>Respecto de las personas afectadas, inicialmente se hab\u00eda informado que eran unas 70 personas de la localidad. Consultado sobre ese aspecto, Caputo respondi\u00f3 que a esta altura \u201cson m\u00e1s\u201d al tiempo que destac\u00f3 que <strong>\u201cen este momento con las medidas tomadas pr\u00e1cticamente no tenemos casos\u201d<\/strong>. Asimismo, dijo que \u201cla gran mayor\u00eda\u201d de quienes se enfermaron presentaron la sintomatolog\u00eda t\u00edpica de la gastroenterocolitis.<\/p>\n<p>&nbsp;<\/p>\n<p>La Direcci\u00f3n de Desarrollo Social en conjunto con la Delegaci\u00f3n de Loma Negra <strong>contin\u00faan con la asistencia a vecinos<\/strong> tanto con la <a href=\"https:\/\/cdnoticias.com\/index.php\/2023\/02\/03\/loma-negra-entrega-de-agua-mineral-para-unas-70-familias\/\" target=\"_blank\" rel=\"noopener\">entrega de agua mineral as\u00ed como con instructivos de c\u00f3mo potabilizar el agua<\/a>.<\/p>\n<p>&nbsp;<\/p>\n<blockquote><p>\u201cTanto la sala, como la Sociedad de Fomento, Epidemiolog\u00eda y Bromatolog\u00eda actuaron de forma muy correcta y muy r\u00e1pida, un tema que pod\u00eda llegar a ser grave se manej\u00f3 r\u00e1pidamente\u201d resalt\u00f3 el secretario de Salud municipal.<\/p><\/blockquote>\n<p>&nbsp;<\/p>\n","protected":false},"excerpt":{"rendered":"<p>Lo indic\u00f3 el secretario, Germ\u00e1n Caputo, quien destac\u00f3 la labor conjunta del CAPS, Sociedad de Fomento, Direcci\u00f3n de Epidemiolog\u00eda y<\/p>\n","protected":false},"author":4,"featured_media":32091,"comment_status":"closed","ping_status":"closed","sticky":false,"template":"","format":"standard","meta":{"_jetpack_memberships_contains_paid_content":false,"footnotes":""},"categories":[5,1],"tags":[],"class_list":["post-76459","post","type-post","status-publish","format-standard","has-post-thumbnail","hentry","category-informacion-general","category-portada"],"jetpack_featured_media_url":"https:\/\/i0.wp.com\/cdnoticias.com\/wp-content\/uploads\/2021\/09\/caputo.jpg?fit=1968%2C1312&ssl=1","jetpack_sharing_enabled":true,"_links":{"self":[{"href":"https:\/\/cdnoticias.com\/index.php\/wp-json\/wp\/v2\/posts\/76459","targetHints":{"allow":["GET"]}}],"collection":[{"href":"https:\/\/cdnoticias.com\/index.php\/wp-json\/wp\/v2\/posts"}],"about":[{"href":"https:\/\/cdnoticias.com\/index.php\/wp-json\/wp\/v2\/types\/post"}],"author":[{"embeddable":true,"href":"https:\/\/cdnoticias.com\/index.php\/wp-json\/wp\/v2\/users\/4"}],"replies":[{"embeddable":true,"href":"https:\/\/cdnoticias.com\/index.php\/wp-json\/wp\/v2\/comments?post=76459"}],"version-history":[{"count":0,"href":"https:\/\/cdnoticias.com\/index.php\/wp-json\/wp\/v2\/posts\/76459\/revisions"}],"wp:featuredmedia":[{"embeddable":true,"href":"https:\/\/cdnoticias.com\/index.php\/wp-json\/wp\/v2\/media\/32091"}],"wp:attachment":[{"href":"https:\/\/cdnoticias.com\/index.php\/wp-json\/wp\/v2\/media?parent=76459"}],"wp:term":[{"taxonomy":"category","embeddable":true,"href":"https:\/\/cdnoticias.com\/index.php\/wp-json\/wp\/v2\/categories?post=76459"},{"taxonomy":"post_tag","embeddable":true,"href":"https:\/\/cdnoticias.com\/index.php\/wp-json\/wp\/v2\/tags?post=76459"}],"curies":[{"name":"wp","href":"https:\/\/api.w.org\/{rel}","templated":true}]}}