{"id":76457,"date":"2023-02-08T16:45:35","date_gmt":"2023-02-08T19:45:35","guid":{"rendered":"https:\/\/www.centraldenoticias.com.ar\/?p=76457"},"modified":"2023-02-08T19:01:48","modified_gmt":"2023-02-08T22:01:48","slug":"los-hisopados-se-realizaran-lunes-miercoles-y-viernes-en-el-hospital-municipal","status":"publish","type":"post","link":"https:\/\/cdnoticias.com\/index.php\/2023\/02\/08\/los-hisopados-se-realizaran-lunes-miercoles-y-viernes-en-el-hospital-municipal\/","title":{"rendered":"Los hisopados se realizar\u00e1n lunes, mi\u00e9rcoles y viernes en el Hospital Municipal"},"content":{"rendered":"<p>El nuevo cronograma para detecci\u00f3n de coronavirus comenzar\u00e1 a funcionar a partir del 13 de febrero en el horario de 10 a 10:30.<!--more--><\/p>\n<hr \/>\n<p>A partir del pr\u00f3ximo lunes 13 de febrero, los hisopados se realizar\u00e1n los d\u00edas<strong> lunes, mi\u00e9rcoles y viernes en el horario de 10 a 10:30.<\/strong><\/p>\n<p>&nbsp;<\/p>\n<p>Se llevar\u00e1n a cabo en el mismo lugar donde ven\u00eda desarroll\u00e1ndose, es decir en el <strong>Hospital \u201cDoctor H\u00e9ctor Cura\u201d, en la entrada por calle Alsina<\/strong>, donde fuera el ingreso a la guardia vieja.<\/p>\n<p>&nbsp;<\/p>\n<p>La decisi\u00f3n fue tomada \u201cen virtud del an\u00e1lisis y estudio de la situaci\u00f3n epidemiol\u00f3gica del partido de Olavarr\u00eda\u201d.<\/p>\n<p>&nbsp;<\/p>\n<p>Se hisopar\u00e1n<strong> personas mayores de 60 a\u00f1os, embarazadas, personas de riesgo y personal esencial,<\/strong> siendo \u00e9stos los criterios fijados por la Provincia de Buenos Aires para la toma de muestras hasta el d\u00eda de la fecha.<\/p>\n","protected":false},"excerpt":{"rendered":"<p>El nuevo cronograma para detecci\u00f3n de coronavirus comenzar\u00e1 a funcionar a partir del 13 de febrero en el horario de<\/p>\n","protected":false},"author":5,"featured_media":23741,"comment_status":"closed","ping_status":"closed","sticky":false,"template":"","format":"standard","meta":{"_jetpack_memberships_contains_paid_content":false,"footnotes":""},"categories":[16,1],"tags":[],"class_list":["post-76457","post","type-post","status-publish","format-standard","has-post-thumbnail","hentry","category-covid-19","category-portada"],"jetpack_featured_media_url":"https:\/\/i0.wp.com\/cdnoticias.com\/wp-content\/uploads\/2021\/06\/Salud-Laboratorio-3-1024x682.jpg?fit=1024%2C682&ssl=1","jetpack_sharing_enabled":true,"_links":{"self":[{"href":"https:\/\/cdnoticias.com\/index.php\/wp-json\/wp\/v2\/posts\/76457","targetHints":{"allow":["GET"]}}],"collection":[{"href":"https:\/\/cdnoticias.com\/index.php\/wp-json\/wp\/v2\/posts"}],"about":[{"href":"https:\/\/cdnoticias.com\/index.php\/wp-json\/wp\/v2\/types\/post"}],"author":[{"embeddable":true,"href":"https:\/\/cdnoticias.com\/index.php\/wp-json\/wp\/v2\/users\/5"}],"replies":[{"embeddable":true,"href":"https:\/\/cdnoticias.com\/index.php\/wp-json\/wp\/v2\/comments?post=76457"}],"version-history":[{"count":0,"href":"https:\/\/cdnoticias.com\/index.php\/wp-json\/wp\/v2\/posts\/76457\/revisions"}],"wp:featuredmedia":[{"embeddable":true,"href":"https:\/\/cdnoticias.com\/index.php\/wp-json\/wp\/v2\/media\/23741"}],"wp:attachment":[{"href":"https:\/\/cdnoticias.com\/index.php\/wp-json\/wp\/v2\/media?parent=76457"}],"wp:term":[{"taxonomy":"category","embeddable":true,"href":"https:\/\/cdnoticias.com\/index.php\/wp-json\/wp\/v2\/categories?post=76457"},{"taxonomy":"post_tag","embeddable":true,"href":"https:\/\/cdnoticias.com\/index.php\/wp-json\/wp\/v2\/tags?post=76457"}],"curies":[{"name":"wp","href":"https:\/\/api.w.org\/{rel}","templated":true}]}}