{"id":76429,"date":"2023-02-08T08:15:20","date_gmt":"2023-02-08T11:15:20","guid":{"rendered":"https:\/\/www.centraldenoticias.com.ar\/?p=76429"},"modified":"2023-02-08T08:15:20","modified_gmt":"2023-02-08T11:15:20","slug":"gabriel-fernando-tapia-q-e-p-d","status":"publish","type":"post","link":"https:\/\/cdnoticias.com\/index.php\/2023\/02\/08\/gabriel-fernando-tapia-q-e-p-d\/","title":{"rendered":"Gabriel Fernando Tapia (Q.E.P.D.)"},"content":{"rendered":"<p>Falleci\u00f3 en La Plata el 7 de febrero de 2023 a los 47 a\u00f1os de edad. Su madre Mar\u00eda del Rosario Da Silva; sus hermanos: Susana, Nenino, Ana y Sergio Tapia; sus hermanos pol\u00edticos: Miguel, Andrea, Horacio y Carina; sus sobrinos; sus sobrinos nietos; sus amigos; sus compa\u00f1eros de trabajo y dem\u00e1s deudos participan su fallecimiento.<\/p>\n<p>&nbsp;<\/p>\n<p>Sus restos son velados en Sala &#8220;F&#8221; de Espa\u00f1a 2942 y ser\u00e1n inhumados en el cementerio Loma de Paz, este mi\u00e9rcoles a las 10:30. Nacido en Olavarr\u00eda. Prefecto Mayor del Servicio Penitenciario Bonaerense.<\/p>\n","protected":false},"excerpt":{"rendered":"<p>Falleci\u00f3 en La Plata el 7 de febrero de 2023 a los 47 a\u00f1os de edad. Su madre Mar\u00eda del<\/p>\n","protected":false},"author":5,"featured_media":67646,"comment_status":"closed","ping_status":"closed","sticky":false,"template":"","format":"standard","meta":{"_jetpack_memberships_contains_paid_content":false,"footnotes":""},"categories":[10],"tags":[],"class_list":["post-76429","post","type-post","status-publish","format-standard","has-post-thumbnail","hentry","category-necrologicas"],"jetpack_featured_media_url":"https:\/\/i0.wp.com\/cdnoticias.com\/wp-content\/uploads\/2022\/10\/necrologicas-390-x-240.jpg?fit=390%2C240&ssl=1","jetpack_sharing_enabled":true,"_links":{"self":[{"href":"https:\/\/cdnoticias.com\/index.php\/wp-json\/wp\/v2\/posts\/76429","targetHints":{"allow":["GET"]}}],"collection":[{"href":"https:\/\/cdnoticias.com\/index.php\/wp-json\/wp\/v2\/posts"}],"about":[{"href":"https:\/\/cdnoticias.com\/index.php\/wp-json\/wp\/v2\/types\/post"}],"author":[{"embeddable":true,"href":"https:\/\/cdnoticias.com\/index.php\/wp-json\/wp\/v2\/users\/5"}],"replies":[{"embeddable":true,"href":"https:\/\/cdnoticias.com\/index.php\/wp-json\/wp\/v2\/comments?post=76429"}],"version-history":[{"count":0,"href":"https:\/\/cdnoticias.com\/index.php\/wp-json\/wp\/v2\/posts\/76429\/revisions"}],"wp:featuredmedia":[{"embeddable":true,"href":"https:\/\/cdnoticias.com\/index.php\/wp-json\/wp\/v2\/media\/67646"}],"wp:attachment":[{"href":"https:\/\/cdnoticias.com\/index.php\/wp-json\/wp\/v2\/media?parent=76429"}],"wp:term":[{"taxonomy":"category","embeddable":true,"href":"https:\/\/cdnoticias.com\/index.php\/wp-json\/wp\/v2\/categories?post=76429"},{"taxonomy":"post_tag","embeddable":true,"href":"https:\/\/cdnoticias.com\/index.php\/wp-json\/wp\/v2\/tags?post=76429"}],"curies":[{"name":"wp","href":"https:\/\/api.w.org\/{rel}","templated":true}]}}